{"id":10686,"date":"2019-02-06T03:38:13","date_gmt":"2019-02-06T06:38:13","guid":{"rendered":"http:\/\/www.mundoagropecuario.cl\/new\/?p=10686"},"modified":"2019-02-08T20:11:54","modified_gmt":"2019-02-08T23:11:54","slug":"requieren-pronto-envio-de-proyecto-de-ley-para-homologar-penas-de-abigeato-a-las-de-robo-de-colmenas","status":"publish","type":"post","link":"https:\/\/www.mundoagropecuario.cl\/new\/requieren-pronto-envio-de-proyecto-de-ley-para-homologar-penas-de-abigeato-a-las-de-robo-de-colmenas\/","title":{"rendered":"Requieren pronto env\u00edo de proyecto de ley para homologar penas de abigeato a las de robo de colmenas"},"content":{"rendered":"<blockquote><p><em>Esto, con el fin \u201cde enfrentar y detener a tiempo la comisi\u00f3n de un delito que afecta a los productores ap\u00edcolas, pues adem\u00e1s de despojarlos de su trabajo e inversi\u00f3n, los obliga a endeudarse para seguir en la actividad\u201d (Senado.cl).<\/em><\/p><\/blockquote>\n<p>Por unanimidad, el Senado aprob\u00f3 el proyecto de acuerdo que solicita urgencia a proyecto que tipifica el delito de robo de colmenas igual\u00e1ndolas al de abigeato, es decir, con presidio menor en su grado m\u00ednimo (61 d\u00edas a 301 d\u00edas) y multa de 5 UTM ($235.330)<\/p>\n<p>El texto, que fue presentado por un grupo transversal de parlamentarios, valora el compromiso del Ministro de Agricultura, Antonio Walker Prieto, \u201cen el sentido de comprometer el env\u00edo de un proyecto de ley que recoja los planteamientos que desde hace un tiempo viene haciendo la Federaci\u00f3n Red Ap\u00edcola Nacional F.G.\u201d.<\/p>\n<p>Esto, para \u201chomologar las actuales penas aplicables al delito de abigeato a las del robo de colmenas que se viene produciendo sistem\u00e1tica y crecientemente en diversas regiones del pa\u00eds, y solicitarle pueda darle urgencia a dicha iniciativa de manera de enfrentar y detener a tiempo la comisi\u00f3n de un delito que afecta a los productores ap\u00edcolas, pues adem\u00e1s de despojarlos de su trabajo e inversi\u00f3n, los obliga a endeudarse para seguir en la actividad\u201d, se detalla.<\/p>\n<p>Asimismo, los autores indican el aumento de robo de colmenas a lo largo del pa\u00eds y el detrimento para la apicultura.<\/p>\n<p>La iniciativa fue presentada por los senadores Alfonso De Urresti, Isabel Allende, Carolina Goic, Adriana Mu\u00f1oz, Ximena \u00d3rdenes, Yasna Provoste, Ximena Rinc\u00f3n, Carlos Bianchi, Francisco Chahu\u00e1n, \u00c1lvaro Elizalde, Rodrigo Galilea, Guido Girardi, Alejandro Guillier, Felipe Harboe, Francisco Huenchumilla, Ricardo Lagos, Juan Ignacio Latorre, Juan Pablo Letelier, Iv\u00e1n Moreira, Manuel Jos\u00e9 Ossand\u00f3n, Jaime Quintana y Rabindranath Quinteros.<\/p>\n<p>&nbsp;<\/p>\n<p>&nbsp;<\/p>\n","protected":false},"excerpt":{"rendered":"<p>Esto, con el fin \u201cde enfrentar y detener a tiempo la comisi\u00f3n de un delito que afecta a los productores ap\u00edcolas, pues adem\u00e1s de despojarlos de su trabajo e inversi\u00f3n,&#8230;<\/p>\n","protected":false},"author":3,"featured_media":9993,"comment_status":"closed","ping_status":"closed","sticky":false,"template":"","format":"standard","meta":{"footnotes":""},"categories":[1987],"tags":[2130,3344,883],"class_list":["post-10686","post","type-post","status-publish","format-standard","has-post-thumbnail","hentry","category-instituciones","tag-apicultura","tag-colmenas","tag-senado"],"yoast_head":"<!-- This site is optimized with the Yoast SEO plugin v26.6 - https:\/\/yoast.com\/wordpress\/plugins\/seo\/ -->\n<title>Requieren pronto env\u00edo de proyecto de ley para homologar penas de abigeato a las de robo de colmenas - Mundoagropecuario<\/title>\n<meta name=\"robots\" content=\"index, follow, max-snippet:-1, max-image-preview:large, max-video-preview:-1\" \/>\n<link rel=\"canonical\" href=\"https:\/\/www.mundoagropecuario.cl\/new\/requieren-pronto-envio-de-proyecto-de-ley-para-homologar-penas-de-abigeato-a-las-de-robo-de-colmenas\/\" \/>\n<meta property=\"og:locale\" content=\"es_ES\" \/>\n<meta property=\"og:type\" content=\"article\" \/>\n<meta property=\"og:title\" content=\"Requieren pronto env\u00edo de proyecto de ley para homologar penas de abigeato a las de robo de colmenas - Mundoagropecuario\" \/>\n<meta property=\"og:description\" content=\"Esto, con el fin \u201cde enfrentar y detener a tiempo la comisi\u00f3n de un delito que afecta a los productores ap\u00edcolas, pues adem\u00e1s de despojarlos de su trabajo e inversi\u00f3n,...\" \/>\n<meta property=\"og:url\" content=\"https:\/\/www.mundoagropecuario.cl\/new\/requieren-pronto-envio-de-proyecto-de-ley-para-homologar-penas-de-abigeato-a-las-de-robo-de-colmenas\/\" \/>\n<meta property=\"og:site_name\" content=\"Mundoagropecuario\" \/>\n<meta property=\"article:publisher\" content=\"https:\/\/www.facebook.com\/mundo.agropecuario.3\" \/>\n<meta property=\"article:published_time\" content=\"2019-02-06T06:38:13+00:00\" \/>\n<meta property=\"article:modified_time\" content=\"2019-02-08T23:11:54+00:00\" \/>\n<meta property=\"og:image\" content=\"https:\/\/www.mundoagropecuario.cl\/new\/wp-content\/uploads\/2018\/12\/abejas.jpg\" \/>\n\t<meta property=\"og:image:width\" content=\"507\" \/>\n\t<meta property=\"og:image:height\" content=\"380\" \/>\n\t<meta property=\"og:image:type\" content=\"image\/jpeg\" \/>\n<meta name=\"author\" content=\"periodista\" \/>\n<meta name=\"twitter:card\" content=\"summary_large_image\" \/>\n<meta name=\"twitter:creator\" content=\"@MundoAgropecuar\" \/>\n<meta name=\"twitter:site\" content=\"@MundoAgropecuar\" \/>\n<meta name=\"twitter:label1\" content=\"Escrito por\" \/>\n\t<meta name=\"twitter:data1\" content=\"periodista\" \/>\n\t<meta name=\"twitter:label2\" content=\"Tiempo de lectura\" \/>\n\t<meta name=\"twitter:data2\" content=\"2 minutos\" \/>\n<script type=\"application\/ld+json\" class=\"yoast-schema-graph\">{\"@context\":\"https:\/\/schema.org\",\"@graph\":[{\"@type\":\"Article\",\"@id\":\"https:\/\/www.mundoagropecuario.cl\/new\/requieren-pronto-envio-de-proyecto-de-ley-para-homologar-penas-de-abigeato-a-las-de-robo-de-colmenas\/#article\",\"isPartOf\":{\"@id\":\"https:\/\/www.mundoagropecuario.cl\/new\/requieren-pronto-envio-de-proyecto-de-ley-para-homologar-penas-de-abigeato-a-las-de-robo-de-colmenas\/\"},\"author\":{\"name\":\"periodista\",\"@id\":\"https:\/\/www.mundoagropecuario.cl\/new\/#\/schema\/person\/0c221050801c74e45256a7a9a1ff0803\"},\"headline\":\"Requieren pronto env\u00edo de proyecto de ley para homologar penas de abigeato a las de robo de colmenas\",\"datePublished\":\"2019-02-06T06:38:13+00:00\",\"dateModified\":\"2019-02-08T23:11:54+00:00\",\"mainEntityOfPage\":{\"@id\":\"https:\/\/www.mundoagropecuario.cl\/new\/requieren-pronto-envio-de-proyecto-de-ley-para-homologar-penas-de-abigeato-a-las-de-robo-de-colmenas\/\"},\"wordCount\":331,\"publisher\":{\"@id\":\"https:\/\/www.mundoagropecuario.cl\/new\/#organization\"},\"image\":{\"@id\":\"https:\/\/www.mundoagropecuario.cl\/new\/requieren-pronto-envio-de-proyecto-de-ley-para-homologar-penas-de-abigeato-a-las-de-robo-de-colmenas\/#primaryimage\"},\"thumbnailUrl\":\"https:\/\/www.mundoagropecuario.cl\/new\/wp-content\/uploads\/2018\/12\/abejas.jpg\",\"keywords\":[\"Apicultura\",\"colmenas\",\"Senado\"],\"articleSection\":[\"Instituciones\"],\"inLanguage\":\"es\"},{\"@type\":\"WebPage\",\"@id\":\"https:\/\/www.mundoagropecuario.cl\/new\/requieren-pronto-envio-de-proyecto-de-ley-para-homologar-penas-de-abigeato-a-las-de-robo-de-colmenas\/\",\"url\":\"https:\/\/www.mundoagropecuario.cl\/new\/requieren-pronto-envio-de-proyecto-de-ley-para-homologar-penas-de-abigeato-a-las-de-robo-de-colmenas\/\",\"name\":\"Requieren pronto env\u00edo de proyecto de ley para homologar penas de abigeato a las de robo de colmenas - Mundoagropecuario\",\"isPartOf\":{\"@id\":\"https:\/\/www.mundoagropecuario.cl\/new\/#website\"},\"primaryImageOfPage\":{\"@id\":\"https:\/\/www.mundoagropecuario.cl\/new\/requieren-pronto-envio-de-proyecto-de-ley-para-homologar-penas-de-abigeato-a-las-de-robo-de-colmenas\/#primaryimage\"},\"image\":{\"@id\":\"https:\/\/www.mundoagropecuario.cl\/new\/requieren-pronto-envio-de-proyecto-de-ley-para-homologar-penas-de-abigeato-a-las-de-robo-de-colmenas\/#primaryimage\"},\"thumbnailUrl\":\"https:\/\/www.mundoagropecuario.cl\/new\/wp-content\/uploads\/2018\/12\/abejas.jpg\",\"datePublished\":\"2019-02-06T06:38:13+00:00\",\"dateModified\":\"2019-02-08T23:11:54+00:00\",\"breadcrumb\":{\"@id\":\"https:\/\/www.mundoagropecuario.cl\/new\/requieren-pronto-envio-de-proyecto-de-ley-para-homologar-penas-de-abigeato-a-las-de-robo-de-colmenas\/#breadcrumb\"},\"inLanguage\":\"es\",\"potentialAction\":[{\"@type\":\"ReadAction\",\"target\":[\"https:\/\/www.mundoagropecuario.cl\/new\/requieren-pronto-envio-de-proyecto-de-ley-para-homologar-penas-de-abigeato-a-las-de-robo-de-colmenas\/\"]}]},{\"@type\":\"ImageObject\",\"inLanguage\":\"es\",\"@id\":\"https:\/\/www.mundoagropecuario.cl\/new\/requieren-pronto-envio-de-proyecto-de-ley-para-homologar-penas-de-abigeato-a-las-de-robo-de-colmenas\/#primaryimage\",\"url\":\"https:\/\/www.mundoagropecuario.cl\/new\/wp-content\/uploads\/2018\/12\/abejas.jpg\",\"contentUrl\":\"https:\/\/www.mundoagropecuario.cl\/new\/wp-content\/uploads\/2018\/12\/abejas.jpg\",\"width\":507,\"height\":380},{\"@type\":\"BreadcrumbList\",\"@id\":\"https:\/\/www.mundoagropecuario.cl\/new\/requieren-pronto-envio-de-proyecto-de-ley-para-homologar-penas-de-abigeato-a-las-de-robo-de-colmenas\/#breadcrumb\",\"itemListElement\":[{\"@type\":\"ListItem\",\"position\":1,\"name\":\"Portada\",\"item\":\"https:\/\/www.mundoagropecuario.cl\/new\/\"},{\"@type\":\"ListItem\",\"position\":2,\"name\":\"Requieren pronto env\u00edo de proyecto de ley para homologar penas de abigeato a las de robo de colmenas\"}]},{\"@type\":\"WebSite\",\"@id\":\"https:\/\/www.mundoagropecuario.cl\/new\/#website\",\"url\":\"https:\/\/www.mundoagropecuario.cl\/new\/\",\"name\":\"Mundoagropecuario\",\"description\":\"Mundo Agropecuario\",\"publisher\":{\"@id\":\"https:\/\/www.mundoagropecuario.cl\/new\/#organization\"},\"potentialAction\":[{\"@type\":\"SearchAction\",\"target\":{\"@type\":\"EntryPoint\",\"urlTemplate\":\"https:\/\/www.mundoagropecuario.cl\/new\/?s={search_term_string}\"},\"query-input\":{\"@type\":\"PropertyValueSpecification\",\"valueRequired\":true,\"valueName\":\"search_term_string\"}}],\"inLanguage\":\"es\"},{\"@type\":\"Organization\",\"@id\":\"https:\/\/www.mundoagropecuario.cl\/new\/#organization\",\"name\":\"Revista de Agricultura\",\"url\":\"https:\/\/www.mundoagropecuario.cl\/new\/\",\"logo\":{\"@type\":\"ImageObject\",\"inLanguage\":\"es\",\"@id\":\"https:\/\/www.mundoagropecuario.cl\/new\/#\/schema\/logo\/image\/\",\"url\":\"https:\/\/www.mundoagropecuario.cl\/new\/wp-content\/uploads\/2020\/11\/PORTAL-1-1.png\",\"contentUrl\":\"https:\/\/www.mundoagropecuario.cl\/new\/wp-content\/uploads\/2020\/11\/PORTAL-1-1.png\",\"width\":1026,\"height\":100,\"caption\":\"Revista de Agricultura\"},\"image\":{\"@id\":\"https:\/\/www.mundoagropecuario.cl\/new\/#\/schema\/logo\/image\/\"},\"sameAs\":[\"https:\/\/www.facebook.com\/mundo.agropecuario.3\",\"https:\/\/x.com\/MundoAgropecuar\",\"https:\/\/www.linkedin.com\/in\/mundo-agropecuario-934009201\/\"]},{\"@type\":\"Person\",\"@id\":\"https:\/\/www.mundoagropecuario.cl\/new\/#\/schema\/person\/0c221050801c74e45256a7a9a1ff0803\",\"name\":\"periodista\",\"url\":\"https:\/\/www.mundoagropecuario.cl\/new\/author\/periodista\/\"}]}<\/script>\n<!-- \/ Yoast SEO plugin. -->","yoast_head_json":{"title":"Requieren pronto env\u00edo de proyecto de ley para homologar penas de abigeato a las de robo de colmenas - Mundoagropecuario","robots":{"index":"index","follow":"follow","max-snippet":"max-snippet:-1","max-image-preview":"max-image-preview:large","max-video-preview":"max-video-preview:-1"},"canonical":"https:\/\/www.mundoagropecuario.cl\/new\/requieren-pronto-envio-de-proyecto-de-ley-para-homologar-penas-de-abigeato-a-las-de-robo-de-colmenas\/","og_locale":"es_ES","og_type":"article","og_title":"Requieren pronto env\u00edo de proyecto de ley para homologar penas de abigeato a las de robo de colmenas - Mundoagropecuario","og_description":"Esto, con el fin \u201cde enfrentar y detener a tiempo la comisi\u00f3n de un delito que afecta a los productores ap\u00edcolas, pues adem\u00e1s de despojarlos de su trabajo e inversi\u00f3n,...","og_url":"https:\/\/www.mundoagropecuario.cl\/new\/requieren-pronto-envio-de-proyecto-de-ley-para-homologar-penas-de-abigeato-a-las-de-robo-de-colmenas\/","og_site_name":"Mundoagropecuario","article_publisher":"https:\/\/www.facebook.com\/mundo.agropecuario.3","article_published_time":"2019-02-06T06:38:13+00:00","article_modified_time":"2019-02-08T23:11:54+00:00","og_image":[{"width":507,"height":380,"url":"https:\/\/www.mundoagropecuario.cl\/new\/wp-content\/uploads\/2018\/12\/abejas.jpg","type":"image\/jpeg"}],"author":"periodista","twitter_card":"summary_large_image","twitter_creator":"@MundoAgropecuar","twitter_site":"@MundoAgropecuar","twitter_misc":{"Escrito por":"periodista","Tiempo de lectura":"2 minutos"},"schema":{"@context":"https:\/\/schema.org","@graph":[{"@type":"Article","@id":"https:\/\/www.mundoagropecuario.cl\/new\/requieren-pronto-envio-de-proyecto-de-ley-para-homologar-penas-de-abigeato-a-las-de-robo-de-colmenas\/#article","isPartOf":{"@id":"https:\/\/www.mundoagropecuario.cl\/new\/requieren-pronto-envio-de-proyecto-de-ley-para-homologar-penas-de-abigeato-a-las-de-robo-de-colmenas\/"},"author":{"name":"periodista","@id":"https:\/\/www.mundoagropecuario.cl\/new\/#\/schema\/person\/0c221050801c74e45256a7a9a1ff0803"},"headline":"Requieren pronto env\u00edo de proyecto de ley para homologar penas de abigeato a las de robo de colmenas","datePublished":"2019-02-06T06:38:13+00:00","dateModified":"2019-02-08T23:11:54+00:00","mainEntityOfPage":{"@id":"https:\/\/www.mundoagropecuario.cl\/new\/requieren-pronto-envio-de-proyecto-de-ley-para-homologar-penas-de-abigeato-a-las-de-robo-de-colmenas\/"},"wordCount":331,"publisher":{"@id":"https:\/\/www.mundoagropecuario.cl\/new\/#organization"},"image":{"@id":"https:\/\/www.mundoagropecuario.cl\/new\/requieren-pronto-envio-de-proyecto-de-ley-para-homologar-penas-de-abigeato-a-las-de-robo-de-colmenas\/#primaryimage"},"thumbnailUrl":"https:\/\/www.mundoagropecuario.cl\/new\/wp-content\/uploads\/2018\/12\/abejas.jpg","keywords":["Apicultura","colmenas","Senado"],"articleSection":["Instituciones"],"inLanguage":"es"},{"@type":"WebPage","@id":"https:\/\/www.mundoagropecuario.cl\/new\/requieren-pronto-envio-de-proyecto-de-ley-para-homologar-penas-de-abigeato-a-las-de-robo-de-colmenas\/","url":"https:\/\/www.mundoagropecuario.cl\/new\/requieren-pronto-envio-de-proyecto-de-ley-para-homologar-penas-de-abigeato-a-las-de-robo-de-colmenas\/","name":"Requieren pronto env\u00edo de proyecto de ley para homologar penas de abigeato a las de robo de colmenas - Mundoagropecuario","isPartOf":{"@id":"https:\/\/www.mundoagropecuario.cl\/new\/#website"},"primaryImageOfPage":{"@id":"https:\/\/www.mundoagropecuario.cl\/new\/requieren-pronto-envio-de-proyecto-de-ley-para-homologar-penas-de-abigeato-a-las-de-robo-de-colmenas\/#primaryimage"},"image":{"@id":"https:\/\/www.mundoagropecuario.cl\/new\/requieren-pronto-envio-de-proyecto-de-ley-para-homologar-penas-de-abigeato-a-las-de-robo-de-colmenas\/#primaryimage"},"thumbnailUrl":"https:\/\/www.mundoagropecuario.cl\/new\/wp-content\/uploads\/2018\/12\/abejas.jpg","datePublished":"2019-02-06T06:38:13+00:00","dateModified":"2019-02-08T23:11:54+00:00","breadcrumb":{"@id":"https:\/\/www.mundoagropecuario.cl\/new\/requieren-pronto-envio-de-proyecto-de-ley-para-homologar-penas-de-abigeato-a-las-de-robo-de-colmenas\/#breadcrumb"},"inLanguage":"es","potentialAction":[{"@type":"ReadAction","target":["https:\/\/www.mundoagropecuario.cl\/new\/requieren-pronto-envio-de-proyecto-de-ley-para-homologar-penas-de-abigeato-a-las-de-robo-de-colmenas\/"]}]},{"@type":"ImageObject","inLanguage":"es","@id":"https:\/\/www.mundoagropecuario.cl\/new\/requieren-pronto-envio-de-proyecto-de-ley-para-homologar-penas-de-abigeato-a-las-de-robo-de-colmenas\/#primaryimage","url":"https:\/\/www.mundoagropecuario.cl\/new\/wp-content\/uploads\/2018\/12\/abejas.jpg","contentUrl":"https:\/\/www.mundoagropecuario.cl\/new\/wp-content\/uploads\/2018\/12\/abejas.jpg","width":507,"height":380},{"@type":"BreadcrumbList","@id":"https:\/\/www.mundoagropecuario.cl\/new\/requieren-pronto-envio-de-proyecto-de-ley-para-homologar-penas-de-abigeato-a-las-de-robo-de-colmenas\/#breadcrumb","itemListElement":[{"@type":"ListItem","position":1,"name":"Portada","item":"https:\/\/www.mundoagropecuario.cl\/new\/"},{"@type":"ListItem","position":2,"name":"Requieren pronto env\u00edo de proyecto de ley para homologar penas de abigeato a las de robo de colmenas"}]},{"@type":"WebSite","@id":"https:\/\/www.mundoagropecuario.cl\/new\/#website","url":"https:\/\/www.mundoagropecuario.cl\/new\/","name":"Mundoagropecuario","description":"Mundo Agropecuario","publisher":{"@id":"https:\/\/www.mundoagropecuario.cl\/new\/#organization"},"potentialAction":[{"@type":"SearchAction","target":{"@type":"EntryPoint","urlTemplate":"https:\/\/www.mundoagropecuario.cl\/new\/?s={search_term_string}"},"query-input":{"@type":"PropertyValueSpecification","valueRequired":true,"valueName":"search_term_string"}}],"inLanguage":"es"},{"@type":"Organization","@id":"https:\/\/www.mundoagropecuario.cl\/new\/#organization","name":"Revista de Agricultura","url":"https:\/\/www.mundoagropecuario.cl\/new\/","logo":{"@type":"ImageObject","inLanguage":"es","@id":"https:\/\/www.mundoagropecuario.cl\/new\/#\/schema\/logo\/image\/","url":"https:\/\/www.mundoagropecuario.cl\/new\/wp-content\/uploads\/2020\/11\/PORTAL-1-1.png","contentUrl":"https:\/\/www.mundoagropecuario.cl\/new\/wp-content\/uploads\/2020\/11\/PORTAL-1-1.png","width":1026,"height":100,"caption":"Revista de Agricultura"},"image":{"@id":"https:\/\/www.mundoagropecuario.cl\/new\/#\/schema\/logo\/image\/"},"sameAs":["https:\/\/www.facebook.com\/mundo.agropecuario.3","https:\/\/x.com\/MundoAgropecuar","https:\/\/www.linkedin.com\/in\/mundo-agropecuario-934009201\/"]},{"@type":"Person","@id":"https:\/\/www.mundoagropecuario.cl\/new\/#\/schema\/person\/0c221050801c74e45256a7a9a1ff0803","name":"periodista","url":"https:\/\/www.mundoagropecuario.cl\/new\/author\/periodista\/"}]}},"_links":{"self":[{"href":"https:\/\/www.mundoagropecuario.cl\/new\/wp-json\/wp\/v2\/posts\/10686","targetHints":{"allow":["GET"]}}],"collection":[{"href":"https:\/\/www.mundoagropecuario.cl\/new\/wp-json\/wp\/v2\/posts"}],"about":[{"href":"https:\/\/www.mundoagropecuario.cl\/new\/wp-json\/wp\/v2\/types\/post"}],"author":[{"embeddable":true,"href":"https:\/\/www.mundoagropecuario.cl\/new\/wp-json\/wp\/v2\/users\/3"}],"replies":[{"embeddable":true,"href":"https:\/\/www.mundoagropecuario.cl\/new\/wp-json\/wp\/v2\/comments?post=10686"}],"version-history":[{"count":1,"href":"https:\/\/www.mundoagropecuario.cl\/new\/wp-json\/wp\/v2\/posts\/10686\/revisions"}],"predecessor-version":[{"id":10687,"href":"https:\/\/www.mundoagropecuario.cl\/new\/wp-json\/wp\/v2\/posts\/10686\/revisions\/10687"}],"wp:featuredmedia":[{"embeddable":true,"href":"https:\/\/www.mundoagropecuario.cl\/new\/wp-json\/wp\/v2\/media\/9993"}],"wp:attachment":[{"href":"https:\/\/www.mundoagropecuario.cl\/new\/wp-json\/wp\/v2\/media?parent=10686"}],"wp:term":[{"taxonomy":"category","embeddable":true,"href":"https:\/\/www.mundoagropecuario.cl\/new\/wp-json\/wp\/v2\/categories?post=10686"},{"taxonomy":"post_tag","embeddable":true,"href":"https:\/\/www.mundoagropecuario.cl\/new\/wp-json\/wp\/v2\/tags?post=10686"}],"curies":[{"name":"wp","href":"https:\/\/api.w.org\/{rel}","templated":true}]}}