{"id":10608,"date":"2019-01-31T02:09:52","date_gmt":"2019-01-31T05:09:52","guid":{"rendered":"http:\/\/www.mundoagropecuario.cl\/new\/?p=10608"},"modified":"2019-01-31T02:09:52","modified_gmt":"2019-01-31T05:09:52","slug":"lanzan-manual-tecnico-productivo-y-economico-sobre-la-vid-en-la-region-del-biobio","status":"publish","type":"post","link":"https:\/\/www.mundoagropecuario.cl\/new\/lanzan-manual-tecnico-productivo-y-economico-sobre-la-vid-en-la-region-del-biobio\/","title":{"rendered":"Lanzan manual t\u00e9cnico productivo y econ\u00f3mico sobre la vid en la Regi\u00f3n del Biob\u00edo"},"content":{"rendered":"<blockquote><p><em>Documento es uno de los productos del proyecto financiado por Corfo \u201cModelo de adaptaci\u00f3n al cambio clim\u00e1tico por medio de la zonificaci\u00f3n de aptitud productiva de especies hortofrut\u00edcolas priorizadas en la Regi\u00f3n del Biob\u00edo\u201d (Mundo Agropecuario).<\/em><\/p><\/blockquote>\n<p>Recientemente, el Centro de Informaci\u00f3n de Recursos Naturales, CIREN, lanz\u00f3 un manual de producci\u00f3n que busca ayudar a la toma de decisiones productivas de agricultores, profesionales y empresarios, as\u00ed como de instituciones p\u00fablicas y privadas, que tengan inter\u00e9s en la producci\u00f3n de la vid para vino en la Regi\u00f3n del Biob\u00edo, considerando condiciones clim\u00e1ticas actuales y proyectadas al 2030.<\/p>\n<p>Entre los principales resultados destacan:<\/p>\n<p>Espec\u00edficamente para el cultivo de vides vin\u00edferas en la regi\u00f3n, el potencial de producci\u00f3n en general es bastante alto.<\/p>\n<p>La disminuci\u00f3n en el potencial de producci\u00f3n que se observa en la zona costera es m\u00e1s bien aparente, por cuanto se debe a una posible deficiencia de fr\u00edo que podr\u00edan encontrar las vides en este sector debido al alza de las temperaturas de invierno. Esto puede ser perfectamente compensado con el uso de reguladores sint\u00e9ticos que ayuden a romper adecuadamente el reposo invernal, logrando as\u00ed producciones iguales o mejores que las actuales, a\u00fan en zonas costeras.<\/p>\n<p>Hacia el 2030, el potencial vitivin\u00edcola de regiones precordilleranas mejorar\u00eda sensiblemente, especialmente hacia el sur de la regi\u00f3n.<\/p>\n<p>Este manual es uno de los productos del proyecto financiado por Corfo \u201cModelo de adaptaci\u00f3n al cambio clim\u00e1tico por medio de la zonificaci\u00f3n de aptitud productiva de especies hortofrut\u00edcolas priorizadas en la Regi\u00f3n del Biob\u00edo\u201d, ejecutado por el Centro de Informaci\u00f3n de Recursos Naturales (CIREN), en colaboraci\u00f3n de INIA Quilamapu y el Centro de Agricultura y Medio Ambiente (Agrimed), con la Seremi de Agricultura de la Regi\u00f3n del Biob\u00edo, como mandante.<\/p>\n<p>Si est\u00e1s interesado en este manual, lo puedes descargar de forma gratuita en la biblioteca digital del Centro de Informaci\u00f3n de Recursos Naturales (CIREN). <a href=\"http:\/\/bibliotecadigital.ciren.cl\/handle\/123456789\/26799\">http:\/\/bibliotecadigital.ciren.cl\/handle\/123456789\/26799<\/a><\/p>\n<p>&nbsp;<\/p>\n<p>&nbsp;<\/p>\n","protected":false},"excerpt":{"rendered":"<p>Documento es uno de los productos del proyecto financiado por Corfo \u201cModelo de adaptaci\u00f3n al cambio clim\u00e1tico por medio de la zonificaci\u00f3n de aptitud productiva de especies hortofrut\u00edcolas priorizadas en&#8230;<\/p>\n","protected":false},"author":3,"featured_media":10609,"comment_status":"closed","ping_status":"closed","sticky":false,"template":"","format":"standard","meta":{"footnotes":""},"categories":[405],"tags":[2622,2289,3318,3317],"class_list":["post-10608","post","type-post","status-publish","format-standard","has-post-thumbnail","hentry","category-titular-3","tag-biobio","tag-ciren","tag-manual","tag-vid"],"yoast_head":"<!-- This site is optimized with the Yoast SEO plugin v26.6 - https:\/\/yoast.com\/wordpress\/plugins\/seo\/ -->\n<title>Lanzan manual t\u00e9cnico productivo y econ\u00f3mico sobre la vid en la Regi\u00f3n del Biob\u00edo - Mundoagropecuario<\/title>\n<meta name=\"robots\" content=\"index, follow, max-snippet:-1, max-image-preview:large, max-video-preview:-1\" \/>\n<link rel=\"canonical\" href=\"https:\/\/www.mundoagropecuario.cl\/new\/lanzan-manual-tecnico-productivo-y-economico-sobre-la-vid-en-la-region-del-biobio\/\" \/>\n<meta property=\"og:locale\" content=\"es_ES\" \/>\n<meta property=\"og:type\" content=\"article\" \/>\n<meta property=\"og:title\" content=\"Lanzan manual t\u00e9cnico productivo y econ\u00f3mico sobre la vid en la Regi\u00f3n del Biob\u00edo - Mundoagropecuario\" \/>\n<meta property=\"og:description\" content=\"Documento es uno de los productos del proyecto financiado por Corfo \u201cModelo de adaptaci\u00f3n al cambio clim\u00e1tico por medio de la zonificaci\u00f3n de aptitud productiva de especies hortofrut\u00edcolas priorizadas en...\" \/>\n<meta property=\"og:url\" content=\"https:\/\/www.mundoagropecuario.cl\/new\/lanzan-manual-tecnico-productivo-y-economico-sobre-la-vid-en-la-region-del-biobio\/\" \/>\n<meta property=\"og:site_name\" content=\"Mundoagropecuario\" \/>\n<meta property=\"article:publisher\" content=\"https:\/\/www.facebook.com\/mundo.agropecuario.3\" \/>\n<meta property=\"article:published_time\" content=\"2019-01-31T05:09:52+00:00\" \/>\n<meta property=\"og:image\" content=\"https:\/\/www.mundoagropecuario.cl\/new\/wp-content\/uploads\/2019\/01\/manual-VID.jpg\" \/>\n\t<meta property=\"og:image:width\" content=\"1000\" \/>\n\t<meta property=\"og:image:height\" content=\"708\" \/>\n\t<meta property=\"og:image:type\" content=\"image\/jpeg\" \/>\n<meta name=\"author\" content=\"periodista\" \/>\n<meta name=\"twitter:card\" content=\"summary_large_image\" \/>\n<meta name=\"twitter:creator\" content=\"@MundoAgropecuar\" \/>\n<meta name=\"twitter:site\" content=\"@MundoAgropecuar\" \/>\n<meta name=\"twitter:label1\" content=\"Escrito por\" \/>\n\t<meta name=\"twitter:data1\" content=\"periodista\" \/>\n\t<meta name=\"twitter:label2\" content=\"Tiempo de lectura\" \/>\n\t<meta name=\"twitter:data2\" content=\"2 minutos\" \/>\n<script type=\"application\/ld+json\" class=\"yoast-schema-graph\">{\"@context\":\"https:\/\/schema.org\",\"@graph\":[{\"@type\":\"Article\",\"@id\":\"https:\/\/www.mundoagropecuario.cl\/new\/lanzan-manual-tecnico-productivo-y-economico-sobre-la-vid-en-la-region-del-biobio\/#article\",\"isPartOf\":{\"@id\":\"https:\/\/www.mundoagropecuario.cl\/new\/lanzan-manual-tecnico-productivo-y-economico-sobre-la-vid-en-la-region-del-biobio\/\"},\"author\":{\"name\":\"periodista\",\"@id\":\"https:\/\/www.mundoagropecuario.cl\/new\/#\/schema\/person\/0c221050801c74e45256a7a9a1ff0803\"},\"headline\":\"Lanzan manual t\u00e9cnico productivo y econ\u00f3mico sobre la vid en la Regi\u00f3n del Biob\u00edo\",\"datePublished\":\"2019-01-31T05:09:52+00:00\",\"mainEntityOfPage\":{\"@id\":\"https:\/\/www.mundoagropecuario.cl\/new\/lanzan-manual-tecnico-productivo-y-economico-sobre-la-vid-en-la-region-del-biobio\/\"},\"wordCount\":371,\"publisher\":{\"@id\":\"https:\/\/www.mundoagropecuario.cl\/new\/#organization\"},\"image\":{\"@id\":\"https:\/\/www.mundoagropecuario.cl\/new\/lanzan-manual-tecnico-productivo-y-economico-sobre-la-vid-en-la-region-del-biobio\/#primaryimage\"},\"thumbnailUrl\":\"https:\/\/www.mundoagropecuario.cl\/new\/wp-content\/uploads\/2019\/01\/manual-VID.jpg\",\"keywords\":[\"Biob\u00edo\",\"Ciren\",\"manual\",\"vid\"],\"articleSection\":[\"Titular 3\"],\"inLanguage\":\"es\"},{\"@type\":\"WebPage\",\"@id\":\"https:\/\/www.mundoagropecuario.cl\/new\/lanzan-manual-tecnico-productivo-y-economico-sobre-la-vid-en-la-region-del-biobio\/\",\"url\":\"https:\/\/www.mundoagropecuario.cl\/new\/lanzan-manual-tecnico-productivo-y-economico-sobre-la-vid-en-la-region-del-biobio\/\",\"name\":\"Lanzan manual t\u00e9cnico productivo y econ\u00f3mico sobre la vid en la Regi\u00f3n del Biob\u00edo - Mundoagropecuario\",\"isPartOf\":{\"@id\":\"https:\/\/www.mundoagropecuario.cl\/new\/#website\"},\"primaryImageOfPage\":{\"@id\":\"https:\/\/www.mundoagropecuario.cl\/new\/lanzan-manual-tecnico-productivo-y-economico-sobre-la-vid-en-la-region-del-biobio\/#primaryimage\"},\"image\":{\"@id\":\"https:\/\/www.mundoagropecuario.cl\/new\/lanzan-manual-tecnico-productivo-y-economico-sobre-la-vid-en-la-region-del-biobio\/#primaryimage\"},\"thumbnailUrl\":\"https:\/\/www.mundoagropecuario.cl\/new\/wp-content\/uploads\/2019\/01\/manual-VID.jpg\",\"datePublished\":\"2019-01-31T05:09:52+00:00\",\"breadcrumb\":{\"@id\":\"https:\/\/www.mundoagropecuario.cl\/new\/lanzan-manual-tecnico-productivo-y-economico-sobre-la-vid-en-la-region-del-biobio\/#breadcrumb\"},\"inLanguage\":\"es\",\"potentialAction\":[{\"@type\":\"ReadAction\",\"target\":[\"https:\/\/www.mundoagropecuario.cl\/new\/lanzan-manual-tecnico-productivo-y-economico-sobre-la-vid-en-la-region-del-biobio\/\"]}]},{\"@type\":\"ImageObject\",\"inLanguage\":\"es\",\"@id\":\"https:\/\/www.mundoagropecuario.cl\/new\/lanzan-manual-tecnico-productivo-y-economico-sobre-la-vid-en-la-region-del-biobio\/#primaryimage\",\"url\":\"https:\/\/www.mundoagropecuario.cl\/new\/wp-content\/uploads\/2019\/01\/manual-VID.jpg\",\"contentUrl\":\"https:\/\/www.mundoagropecuario.cl\/new\/wp-content\/uploads\/2019\/01\/manual-VID.jpg\",\"width\":565,\"height\":400},{\"@type\":\"BreadcrumbList\",\"@id\":\"https:\/\/www.mundoagropecuario.cl\/new\/lanzan-manual-tecnico-productivo-y-economico-sobre-la-vid-en-la-region-del-biobio\/#breadcrumb\",\"itemListElement\":[{\"@type\":\"ListItem\",\"position\":1,\"name\":\"Portada\",\"item\":\"https:\/\/www.mundoagropecuario.cl\/new\/\"},{\"@type\":\"ListItem\",\"position\":2,\"name\":\"Lanzan manual t\u00e9cnico productivo y econ\u00f3mico sobre la vid en la Regi\u00f3n del Biob\u00edo\"}]},{\"@type\":\"WebSite\",\"@id\":\"https:\/\/www.mundoagropecuario.cl\/new\/#website\",\"url\":\"https:\/\/www.mundoagropecuario.cl\/new\/\",\"name\":\"Mundoagropecuario\",\"description\":\"Mundo Agropecuario\",\"publisher\":{\"@id\":\"https:\/\/www.mundoagropecuario.cl\/new\/#organization\"},\"potentialAction\":[{\"@type\":\"SearchAction\",\"target\":{\"@type\":\"EntryPoint\",\"urlTemplate\":\"https:\/\/www.mundoagropecuario.cl\/new\/?s={search_term_string}\"},\"query-input\":{\"@type\":\"PropertyValueSpecification\",\"valueRequired\":true,\"valueName\":\"search_term_string\"}}],\"inLanguage\":\"es\"},{\"@type\":\"Organization\",\"@id\":\"https:\/\/www.mundoagropecuario.cl\/new\/#organization\",\"name\":\"Revista de Agricultura\",\"url\":\"https:\/\/www.mundoagropecuario.cl\/new\/\",\"logo\":{\"@type\":\"ImageObject\",\"inLanguage\":\"es\",\"@id\":\"https:\/\/www.mundoagropecuario.cl\/new\/#\/schema\/logo\/image\/\",\"url\":\"https:\/\/www.mundoagropecuario.cl\/new\/wp-content\/uploads\/2020\/11\/PORTAL-1-1.png\",\"contentUrl\":\"https:\/\/www.mundoagropecuario.cl\/new\/wp-content\/uploads\/2020\/11\/PORTAL-1-1.png\",\"width\":1026,\"height\":100,\"caption\":\"Revista de Agricultura\"},\"image\":{\"@id\":\"https:\/\/www.mundoagropecuario.cl\/new\/#\/schema\/logo\/image\/\"},\"sameAs\":[\"https:\/\/www.facebook.com\/mundo.agropecuario.3\",\"https:\/\/x.com\/MundoAgropecuar\",\"https:\/\/www.linkedin.com\/in\/mundo-agropecuario-934009201\/\"]},{\"@type\":\"Person\",\"@id\":\"https:\/\/www.mundoagropecuario.cl\/new\/#\/schema\/person\/0c221050801c74e45256a7a9a1ff0803\",\"name\":\"periodista\",\"url\":\"https:\/\/www.mundoagropecuario.cl\/new\/author\/periodista\/\"}]}<\/script>\n<!-- \/ Yoast SEO plugin. -->","yoast_head_json":{"title":"Lanzan manual t\u00e9cnico productivo y econ\u00f3mico sobre la vid en la Regi\u00f3n del Biob\u00edo - Mundoagropecuario","robots":{"index":"index","follow":"follow","max-snippet":"max-snippet:-1","max-image-preview":"max-image-preview:large","max-video-preview":"max-video-preview:-1"},"canonical":"https:\/\/www.mundoagropecuario.cl\/new\/lanzan-manual-tecnico-productivo-y-economico-sobre-la-vid-en-la-region-del-biobio\/","og_locale":"es_ES","og_type":"article","og_title":"Lanzan manual t\u00e9cnico productivo y econ\u00f3mico sobre la vid en la Regi\u00f3n del Biob\u00edo - Mundoagropecuario","og_description":"Documento es uno de los productos del proyecto financiado por Corfo \u201cModelo de adaptaci\u00f3n al cambio clim\u00e1tico por medio de la zonificaci\u00f3n de aptitud productiva de especies hortofrut\u00edcolas priorizadas en...","og_url":"https:\/\/www.mundoagropecuario.cl\/new\/lanzan-manual-tecnico-productivo-y-economico-sobre-la-vid-en-la-region-del-biobio\/","og_site_name":"Mundoagropecuario","article_publisher":"https:\/\/www.facebook.com\/mundo.agropecuario.3","article_published_time":"2019-01-31T05:09:52+00:00","og_image":[{"width":1000,"height":708,"url":"https:\/\/www.mundoagropecuario.cl\/new\/wp-content\/uploads\/2019\/01\/manual-VID.jpg","type":"image\/jpeg"}],"author":"periodista","twitter_card":"summary_large_image","twitter_creator":"@MundoAgropecuar","twitter_site":"@MundoAgropecuar","twitter_misc":{"Escrito por":"periodista","Tiempo de lectura":"2 minutos"},"schema":{"@context":"https:\/\/schema.org","@graph":[{"@type":"Article","@id":"https:\/\/www.mundoagropecuario.cl\/new\/lanzan-manual-tecnico-productivo-y-economico-sobre-la-vid-en-la-region-del-biobio\/#article","isPartOf":{"@id":"https:\/\/www.mundoagropecuario.cl\/new\/lanzan-manual-tecnico-productivo-y-economico-sobre-la-vid-en-la-region-del-biobio\/"},"author":{"name":"periodista","@id":"https:\/\/www.mundoagropecuario.cl\/new\/#\/schema\/person\/0c221050801c74e45256a7a9a1ff0803"},"headline":"Lanzan manual t\u00e9cnico productivo y econ\u00f3mico sobre la vid en la Regi\u00f3n del Biob\u00edo","datePublished":"2019-01-31T05:09:52+00:00","mainEntityOfPage":{"@id":"https:\/\/www.mundoagropecuario.cl\/new\/lanzan-manual-tecnico-productivo-y-economico-sobre-la-vid-en-la-region-del-biobio\/"},"wordCount":371,"publisher":{"@id":"https:\/\/www.mundoagropecuario.cl\/new\/#organization"},"image":{"@id":"https:\/\/www.mundoagropecuario.cl\/new\/lanzan-manual-tecnico-productivo-y-economico-sobre-la-vid-en-la-region-del-biobio\/#primaryimage"},"thumbnailUrl":"https:\/\/www.mundoagropecuario.cl\/new\/wp-content\/uploads\/2019\/01\/manual-VID.jpg","keywords":["Biob\u00edo","Ciren","manual","vid"],"articleSection":["Titular 3"],"inLanguage":"es"},{"@type":"WebPage","@id":"https:\/\/www.mundoagropecuario.cl\/new\/lanzan-manual-tecnico-productivo-y-economico-sobre-la-vid-en-la-region-del-biobio\/","url":"https:\/\/www.mundoagropecuario.cl\/new\/lanzan-manual-tecnico-productivo-y-economico-sobre-la-vid-en-la-region-del-biobio\/","name":"Lanzan manual t\u00e9cnico productivo y econ\u00f3mico sobre la vid en la Regi\u00f3n del Biob\u00edo - Mundoagropecuario","isPartOf":{"@id":"https:\/\/www.mundoagropecuario.cl\/new\/#website"},"primaryImageOfPage":{"@id":"https:\/\/www.mundoagropecuario.cl\/new\/lanzan-manual-tecnico-productivo-y-economico-sobre-la-vid-en-la-region-del-biobio\/#primaryimage"},"image":{"@id":"https:\/\/www.mundoagropecuario.cl\/new\/lanzan-manual-tecnico-productivo-y-economico-sobre-la-vid-en-la-region-del-biobio\/#primaryimage"},"thumbnailUrl":"https:\/\/www.mundoagropecuario.cl\/new\/wp-content\/uploads\/2019\/01\/manual-VID.jpg","datePublished":"2019-01-31T05:09:52+00:00","breadcrumb":{"@id":"https:\/\/www.mundoagropecuario.cl\/new\/lanzan-manual-tecnico-productivo-y-economico-sobre-la-vid-en-la-region-del-biobio\/#breadcrumb"},"inLanguage":"es","potentialAction":[{"@type":"ReadAction","target":["https:\/\/www.mundoagropecuario.cl\/new\/lanzan-manual-tecnico-productivo-y-economico-sobre-la-vid-en-la-region-del-biobio\/"]}]},{"@type":"ImageObject","inLanguage":"es","@id":"https:\/\/www.mundoagropecuario.cl\/new\/lanzan-manual-tecnico-productivo-y-economico-sobre-la-vid-en-la-region-del-biobio\/#primaryimage","url":"https:\/\/www.mundoagropecuario.cl\/new\/wp-content\/uploads\/2019\/01\/manual-VID.jpg","contentUrl":"https:\/\/www.mundoagropecuario.cl\/new\/wp-content\/uploads\/2019\/01\/manual-VID.jpg","width":565,"height":400},{"@type":"BreadcrumbList","@id":"https:\/\/www.mundoagropecuario.cl\/new\/lanzan-manual-tecnico-productivo-y-economico-sobre-la-vid-en-la-region-del-biobio\/#breadcrumb","itemListElement":[{"@type":"ListItem","position":1,"name":"Portada","item":"https:\/\/www.mundoagropecuario.cl\/new\/"},{"@type":"ListItem","position":2,"name":"Lanzan manual t\u00e9cnico productivo y econ\u00f3mico sobre la vid en la Regi\u00f3n del Biob\u00edo"}]},{"@type":"WebSite","@id":"https:\/\/www.mundoagropecuario.cl\/new\/#website","url":"https:\/\/www.mundoagropecuario.cl\/new\/","name":"Mundoagropecuario","description":"Mundo Agropecuario","publisher":{"@id":"https:\/\/www.mundoagropecuario.cl\/new\/#organization"},"potentialAction":[{"@type":"SearchAction","target":{"@type":"EntryPoint","urlTemplate":"https:\/\/www.mundoagropecuario.cl\/new\/?s={search_term_string}"},"query-input":{"@type":"PropertyValueSpecification","valueRequired":true,"valueName":"search_term_string"}}],"inLanguage":"es"},{"@type":"Organization","@id":"https:\/\/www.mundoagropecuario.cl\/new\/#organization","name":"Revista de Agricultura","url":"https:\/\/www.mundoagropecuario.cl\/new\/","logo":{"@type":"ImageObject","inLanguage":"es","@id":"https:\/\/www.mundoagropecuario.cl\/new\/#\/schema\/logo\/image\/","url":"https:\/\/www.mundoagropecuario.cl\/new\/wp-content\/uploads\/2020\/11\/PORTAL-1-1.png","contentUrl":"https:\/\/www.mundoagropecuario.cl\/new\/wp-content\/uploads\/2020\/11\/PORTAL-1-1.png","width":1026,"height":100,"caption":"Revista de Agricultura"},"image":{"@id":"https:\/\/www.mundoagropecuario.cl\/new\/#\/schema\/logo\/image\/"},"sameAs":["https:\/\/www.facebook.com\/mundo.agropecuario.3","https:\/\/x.com\/MundoAgropecuar","https:\/\/www.linkedin.com\/in\/mundo-agropecuario-934009201\/"]},{"@type":"Person","@id":"https:\/\/www.mundoagropecuario.cl\/new\/#\/schema\/person\/0c221050801c74e45256a7a9a1ff0803","name":"periodista","url":"https:\/\/www.mundoagropecuario.cl\/new\/author\/periodista\/"}]}},"_links":{"self":[{"href":"https:\/\/www.mundoagropecuario.cl\/new\/wp-json\/wp\/v2\/posts\/10608","targetHints":{"allow":["GET"]}}],"collection":[{"href":"https:\/\/www.mundoagropecuario.cl\/new\/wp-json\/wp\/v2\/posts"}],"about":[{"href":"https:\/\/www.mundoagropecuario.cl\/new\/wp-json\/wp\/v2\/types\/post"}],"author":[{"embeddable":true,"href":"https:\/\/www.mundoagropecuario.cl\/new\/wp-json\/wp\/v2\/users\/3"}],"replies":[{"embeddable":true,"href":"https:\/\/www.mundoagropecuario.cl\/new\/wp-json\/wp\/v2\/comments?post=10608"}],"version-history":[{"count":1,"href":"https:\/\/www.mundoagropecuario.cl\/new\/wp-json\/wp\/v2\/posts\/10608\/revisions"}],"predecessor-version":[{"id":10610,"href":"https:\/\/www.mundoagropecuario.cl\/new\/wp-json\/wp\/v2\/posts\/10608\/revisions\/10610"}],"wp:featuredmedia":[{"embeddable":true,"href":"https:\/\/www.mundoagropecuario.cl\/new\/wp-json\/wp\/v2\/media\/10609"}],"wp:attachment":[{"href":"https:\/\/www.mundoagropecuario.cl\/new\/wp-json\/wp\/v2\/media?parent=10608"}],"wp:term":[{"taxonomy":"category","embeddable":true,"href":"https:\/\/www.mundoagropecuario.cl\/new\/wp-json\/wp\/v2\/categories?post=10608"},{"taxonomy":"post_tag","embeddable":true,"href":"https:\/\/www.mundoagropecuario.cl\/new\/wp-json\/wp\/v2\/tags?post=10608"}],"curies":[{"name":"wp","href":"https:\/\/api.w.org\/{rel}","templated":true}]}}