{"id":10579,"date":"2019-01-30T00:48:53","date_gmt":"2019-01-30T03:48:53","guid":{"rendered":"http:\/\/www.mundoagropecuario.cl\/new\/?p=10579"},"modified":"2019-01-30T00:48:53","modified_gmt":"2019-01-30T03:48:53","slug":"facultad-de-ingenieria-agricola-udec-titulo-a-43-nuevos-profesionales","status":"publish","type":"post","link":"https:\/\/www.mundoagropecuario.cl\/new\/facultad-de-ingenieria-agricola-udec-titulo-a-43-nuevos-profesionales\/","title":{"rendered":"Facultad de Ingenier\u00eda Agr\u00edcola UdeC titul\u00f3 a 43 nuevos profesionales"},"content":{"rendered":"<blockquote><p><em>Durante el acto, se recalcaron los 25 a\u00f1os de existencia que cumpli\u00f3 la Facultad y los 30 a\u00f1os de la carrera de Ingenier\u00eda Civil Agr\u00edcola (Mundo Agropecuario).<\/em><\/p><\/blockquote>\n<p>En una ceremonia marcada por los simbolismos, un total de 43 egresados de pregrado de la Facultad de Ingenier\u00eda Agr\u00edcola de la Universidad de Concepci\u00f3n (FIA UdeC) recibieron sus t\u00edtulos profesionales, as\u00ed como tambi\u00e9n se graduaron de los programas de mag\u00edster tres ingenieros.<\/p>\n<p>El acto, desarrollado el 18 de enero en el parque de la Facultad, en el Campus Chill\u00e1n, cont\u00f3 con la participaci\u00f3n del Rector Carlos Saavedra; del Decano Dr. Jos\u00e9 Luis Arum\u00ed; del Director General del Campus, Dr. Pedro Pablo Rojas; as\u00ed como de acad\u00e9micos y funcionarios de FIA UdeC y familiares de los titulados y graduados.<\/p>\n<p>El Rector subray\u00f3 la importancia del proceso que est\u00e1 viviendo la casa de estudios, en el cual la planificaci\u00f3n de largo plazo cobra un papel relevante. &#8220;Esta Universidad que cumple cien a\u00f1os est\u00e1 planificando para los pr\u00f3ximos cien a\u00f1os&#8221;, afirm\u00f3 el Dr. Saavedra, quien hizo una invitaci\u00f3n a pensar el Campus Chill\u00e1n del futuro. &#8220;Les hemos planteado un desaf\u00edo: avanzar en la construcci\u00f3n de la ciudad universitaria en Chill\u00e1n, como lo es el campus UdeC en Concepci\u00f3n&#8221;, expres\u00f3 la autoridad.<\/p>\n<p>De igual forma, el Rector hizo hincapi\u00e9 en la importancia de seguir perfeccion\u00e1ndose para enfrentar los desaf\u00edos de un mundo m\u00e1s din\u00e1mico, m\u00e1s complejo y m\u00e1s competitivo, as\u00ed como tambi\u00e9n invit\u00f3 a los titulados a seguir vinculados a la casa de estudios a trav\u00e9s de la Red Alumni UdeC, la que seg\u00fan adelant\u00f3, abrir\u00e1 el pr\u00f3ximo a\u00f1o una oficina en Chill\u00e1n.<\/p>\n<p>El Decano Arum\u00ed destac\u00f3 el car\u00e1cter especial de la ceremonia, tanto por ser el a\u00f1o del centenario de la Universidad, como por los nuevos desaf\u00edos que enfrentar\u00e1 la facultad, que en los pr\u00f3ximos meses, tras completarse el segundo periodo del decano, ser\u00e1 conducida por una nueva autoridad.<\/p>\n<p>&#8220;La Universidad ser\u00e1 muy diferente en los pr\u00f3ximos a\u00f1os, debemos evolucionar y mantenernos vigentes&#8221;, manifest\u00f3, y adelant\u00f3 iniciativas como la especializaci\u00f3n en el cuarto campo y la formaci\u00f3n complementaria en la industria alimentaria, as\u00ed como el desaf\u00edo de generar cursos, diplomados y programas de mag\u00edster.<\/p>\n<p>Momentos emotivos se vivieron en la entrega de los t\u00edtulos a tres egresados de Ingenier\u00eda en Alimentos, trece de Ingenier\u00eda Civil Agr\u00edcola, quince de Ingenier\u00eda Agroindustrial y doce de Ingenier\u00eda Ambiental.<\/p>\n<p>En esta ocasi\u00f3n se entreg\u00f3 el Premio Facultad, que destaca el buen rendimiento acad\u00e9mico y la participaci\u00f3n en actividades complementarias. Los distinguidos fueron Pablo Fa\u00fandez, de Ingenier\u00eda Civil Agr\u00edcola; Joaqu\u00edn Rodr\u00edguez, de Ingenier\u00eda Ambiental; Caterin Valenzuela, de Ingenier\u00eda Agroindustrial; y Natalia Ortiz, de Ingenier\u00eda en Alimentos, quien adem\u00e1s fue reconocida por la Secci\u00f3n Deportes del Campus Chill\u00e1n por su desempe\u00f1o en el equipo de v\u00f3leibol, del que fue capitana.<\/p>\n<p>Tambi\u00e9n se entreg\u00f3 el grado de mag\u00edster en Ingenier\u00eda Agr\u00edcola a \u00c1ngela Blanco, con menci\u00f3n en Mecanizaci\u00f3n y Energ\u00eda; y a Francisco Lecaros y Daniel P\u00e1ez, ambos con menci\u00f3n en Recursos H\u00eddricos.<\/p>\n<p>En representaci\u00f3n del cuerpo docente, el Dr. Jer\u00f3nimo Paredes despidi\u00f3 a los titulados y graduados, resaltando los elementos que la Facultad entreg\u00f3 a sus alumnos, como la mentalidad pluralista, valores firmes y una marcada sensibilidad social, as\u00ed como tambi\u00e9n relev\u00f3 los 25 a\u00f1os de existencia que cumpli\u00f3 la Facultad y los 30 a\u00f1os de la carrera de Ingenier\u00eda Civil Agr\u00edcola. &#8220;Hemos titulado 533 profesionales en cuatro carreras, as\u00ed como tambi\u00e9n 86 mag\u00edster y 12 doctorados&#8221;, cerr\u00f3 Paredes.<\/p>\n","protected":false},"excerpt":{"rendered":"<p>Durante el acto, se recalcaron los 25 a\u00f1os de existencia que cumpli\u00f3 la Facultad y los 30 a\u00f1os de la carrera de Ingenier\u00eda Civil Agr\u00edcola (Mundo Agropecuario). En una ceremonia&#8230;<\/p>\n","protected":false},"author":3,"featured_media":10580,"comment_status":"closed","ping_status":"closed","sticky":false,"template":"","format":"standard","meta":{"footnotes":""},"categories":[1952],"tags":[2074,3309,436],"class_list":["post-10579","post","type-post","status-publish","format-standard","has-post-thumbnail","hentry","category-educacion","tag-chillan","tag-fia-udec","tag-udec"],"yoast_head":"<!-- This site is optimized with the Yoast SEO plugin v26.6 - https:\/\/yoast.com\/wordpress\/plugins\/seo\/ -->\n<title>Facultad de Ingenier\u00eda Agr\u00edcola UdeC titul\u00f3 a 43 nuevos profesionales - Mundoagropecuario<\/title>\n<meta name=\"robots\" content=\"index, follow, max-snippet:-1, max-image-preview:large, max-video-preview:-1\" \/>\n<link rel=\"canonical\" href=\"https:\/\/www.mundoagropecuario.cl\/new\/facultad-de-ingenieria-agricola-udec-titulo-a-43-nuevos-profesionales\/\" \/>\n<meta property=\"og:locale\" content=\"es_ES\" \/>\n<meta property=\"og:type\" content=\"article\" \/>\n<meta property=\"og:title\" content=\"Facultad de Ingenier\u00eda Agr\u00edcola UdeC titul\u00f3 a 43 nuevos profesionales - Mundoagropecuario\" \/>\n<meta property=\"og:description\" content=\"Durante el acto, se recalcaron los 25 a\u00f1os de existencia que cumpli\u00f3 la Facultad y los 30 a\u00f1os de la carrera de Ingenier\u00eda Civil Agr\u00edcola (Mundo Agropecuario). En una ceremonia...\" \/>\n<meta property=\"og:url\" content=\"https:\/\/www.mundoagropecuario.cl\/new\/facultad-de-ingenieria-agricola-udec-titulo-a-43-nuevos-profesionales\/\" \/>\n<meta property=\"og:site_name\" content=\"Mundoagropecuario\" \/>\n<meta property=\"article:publisher\" content=\"https:\/\/www.facebook.com\/mundo.agropecuario.3\" \/>\n<meta property=\"article:published_time\" content=\"2019-01-30T03:48:53+00:00\" \/>\n<meta property=\"og:image\" content=\"https:\/\/www.mundoagropecuario.cl\/new\/wp-content\/uploads\/2019\/01\/agro-UdeC.jpg\" \/>\n\t<meta property=\"og:image:width\" content=\"900\" \/>\n\t<meta property=\"og:image:height\" content=\"600\" \/>\n\t<meta property=\"og:image:type\" content=\"image\/jpeg\" \/>\n<meta name=\"author\" content=\"periodista\" \/>\n<meta name=\"twitter:card\" content=\"summary_large_image\" \/>\n<meta name=\"twitter:creator\" content=\"@MundoAgropecuar\" \/>\n<meta name=\"twitter:site\" content=\"@MundoAgropecuar\" \/>\n<meta name=\"twitter:label1\" content=\"Escrito por\" \/>\n\t<meta name=\"twitter:data1\" content=\"periodista\" \/>\n\t<meta name=\"twitter:label2\" content=\"Tiempo de lectura\" \/>\n\t<meta name=\"twitter:data2\" content=\"3 minutos\" \/>\n<script type=\"application\/ld+json\" class=\"yoast-schema-graph\">{\"@context\":\"https:\/\/schema.org\",\"@graph\":[{\"@type\":\"Article\",\"@id\":\"https:\/\/www.mundoagropecuario.cl\/new\/facultad-de-ingenieria-agricola-udec-titulo-a-43-nuevos-profesionales\/#article\",\"isPartOf\":{\"@id\":\"https:\/\/www.mundoagropecuario.cl\/new\/facultad-de-ingenieria-agricola-udec-titulo-a-43-nuevos-profesionales\/\"},\"author\":{\"name\":\"periodista\",\"@id\":\"https:\/\/www.mundoagropecuario.cl\/new\/#\/schema\/person\/0c221050801c74e45256a7a9a1ff0803\"},\"headline\":\"Facultad de Ingenier\u00eda Agr\u00edcola UdeC titul\u00f3 a 43 nuevos profesionales\",\"datePublished\":\"2019-01-30T03:48:53+00:00\",\"mainEntityOfPage\":{\"@id\":\"https:\/\/www.mundoagropecuario.cl\/new\/facultad-de-ingenieria-agricola-udec-titulo-a-43-nuevos-profesionales\/\"},\"wordCount\":656,\"publisher\":{\"@id\":\"https:\/\/www.mundoagropecuario.cl\/new\/#organization\"},\"image\":{\"@id\":\"https:\/\/www.mundoagropecuario.cl\/new\/facultad-de-ingenieria-agricola-udec-titulo-a-43-nuevos-profesionales\/#primaryimage\"},\"thumbnailUrl\":\"https:\/\/www.mundoagropecuario.cl\/new\/wp-content\/uploads\/2019\/01\/agro-UdeC.jpg\",\"keywords\":[\"Chill\u00e1n\",\"FIA UdeC\",\"UdeC\"],\"articleSection\":[\"Educaci\u00f3n\"],\"inLanguage\":\"es\"},{\"@type\":\"WebPage\",\"@id\":\"https:\/\/www.mundoagropecuario.cl\/new\/facultad-de-ingenieria-agricola-udec-titulo-a-43-nuevos-profesionales\/\",\"url\":\"https:\/\/www.mundoagropecuario.cl\/new\/facultad-de-ingenieria-agricola-udec-titulo-a-43-nuevos-profesionales\/\",\"name\":\"Facultad de Ingenier\u00eda Agr\u00edcola UdeC titul\u00f3 a 43 nuevos profesionales - Mundoagropecuario\",\"isPartOf\":{\"@id\":\"https:\/\/www.mundoagropecuario.cl\/new\/#website\"},\"primaryImageOfPage\":{\"@id\":\"https:\/\/www.mundoagropecuario.cl\/new\/facultad-de-ingenieria-agricola-udec-titulo-a-43-nuevos-profesionales\/#primaryimage\"},\"image\":{\"@id\":\"https:\/\/www.mundoagropecuario.cl\/new\/facultad-de-ingenieria-agricola-udec-titulo-a-43-nuevos-profesionales\/#primaryimage\"},\"thumbnailUrl\":\"https:\/\/www.mundoagropecuario.cl\/new\/wp-content\/uploads\/2019\/01\/agro-UdeC.jpg\",\"datePublished\":\"2019-01-30T03:48:53+00:00\",\"breadcrumb\":{\"@id\":\"https:\/\/www.mundoagropecuario.cl\/new\/facultad-de-ingenieria-agricola-udec-titulo-a-43-nuevos-profesionales\/#breadcrumb\"},\"inLanguage\":\"es\",\"potentialAction\":[{\"@type\":\"ReadAction\",\"target\":[\"https:\/\/www.mundoagropecuario.cl\/new\/facultad-de-ingenieria-agricola-udec-titulo-a-43-nuevos-profesionales\/\"]}]},{\"@type\":\"ImageObject\",\"inLanguage\":\"es\",\"@id\":\"https:\/\/www.mundoagropecuario.cl\/new\/facultad-de-ingenieria-agricola-udec-titulo-a-43-nuevos-profesionales\/#primaryimage\",\"url\":\"https:\/\/www.mundoagropecuario.cl\/new\/wp-content\/uploads\/2019\/01\/agro-UdeC.jpg\",\"contentUrl\":\"https:\/\/www.mundoagropecuario.cl\/new\/wp-content\/uploads\/2019\/01\/agro-UdeC.jpg\",\"width\":600,\"height\":400},{\"@type\":\"BreadcrumbList\",\"@id\":\"https:\/\/www.mundoagropecuario.cl\/new\/facultad-de-ingenieria-agricola-udec-titulo-a-43-nuevos-profesionales\/#breadcrumb\",\"itemListElement\":[{\"@type\":\"ListItem\",\"position\":1,\"name\":\"Portada\",\"item\":\"https:\/\/www.mundoagropecuario.cl\/new\/\"},{\"@type\":\"ListItem\",\"position\":2,\"name\":\"Facultad de Ingenier\u00eda Agr\u00edcola UdeC titul\u00f3 a 43 nuevos profesionales\"}]},{\"@type\":\"WebSite\",\"@id\":\"https:\/\/www.mundoagropecuario.cl\/new\/#website\",\"url\":\"https:\/\/www.mundoagropecuario.cl\/new\/\",\"name\":\"Mundoagropecuario\",\"description\":\"Mundo Agropecuario\",\"publisher\":{\"@id\":\"https:\/\/www.mundoagropecuario.cl\/new\/#organization\"},\"potentialAction\":[{\"@type\":\"SearchAction\",\"target\":{\"@type\":\"EntryPoint\",\"urlTemplate\":\"https:\/\/www.mundoagropecuario.cl\/new\/?s={search_term_string}\"},\"query-input\":{\"@type\":\"PropertyValueSpecification\",\"valueRequired\":true,\"valueName\":\"search_term_string\"}}],\"inLanguage\":\"es\"},{\"@type\":\"Organization\",\"@id\":\"https:\/\/www.mundoagropecuario.cl\/new\/#organization\",\"name\":\"Revista de Agricultura\",\"url\":\"https:\/\/www.mundoagropecuario.cl\/new\/\",\"logo\":{\"@type\":\"ImageObject\",\"inLanguage\":\"es\",\"@id\":\"https:\/\/www.mundoagropecuario.cl\/new\/#\/schema\/logo\/image\/\",\"url\":\"https:\/\/www.mundoagropecuario.cl\/new\/wp-content\/uploads\/2020\/11\/PORTAL-1-1.png\",\"contentUrl\":\"https:\/\/www.mundoagropecuario.cl\/new\/wp-content\/uploads\/2020\/11\/PORTAL-1-1.png\",\"width\":1026,\"height\":100,\"caption\":\"Revista de Agricultura\"},\"image\":{\"@id\":\"https:\/\/www.mundoagropecuario.cl\/new\/#\/schema\/logo\/image\/\"},\"sameAs\":[\"https:\/\/www.facebook.com\/mundo.agropecuario.3\",\"https:\/\/x.com\/MundoAgropecuar\",\"https:\/\/www.linkedin.com\/in\/mundo-agropecuario-934009201\/\"]},{\"@type\":\"Person\",\"@id\":\"https:\/\/www.mundoagropecuario.cl\/new\/#\/schema\/person\/0c221050801c74e45256a7a9a1ff0803\",\"name\":\"periodista\",\"url\":\"https:\/\/www.mundoagropecuario.cl\/new\/author\/periodista\/\"}]}<\/script>\n<!-- \/ Yoast SEO plugin. -->","yoast_head_json":{"title":"Facultad de Ingenier\u00eda Agr\u00edcola UdeC titul\u00f3 a 43 nuevos profesionales - Mundoagropecuario","robots":{"index":"index","follow":"follow","max-snippet":"max-snippet:-1","max-image-preview":"max-image-preview:large","max-video-preview":"max-video-preview:-1"},"canonical":"https:\/\/www.mundoagropecuario.cl\/new\/facultad-de-ingenieria-agricola-udec-titulo-a-43-nuevos-profesionales\/","og_locale":"es_ES","og_type":"article","og_title":"Facultad de Ingenier\u00eda Agr\u00edcola UdeC titul\u00f3 a 43 nuevos profesionales - Mundoagropecuario","og_description":"Durante el acto, se recalcaron los 25 a\u00f1os de existencia que cumpli\u00f3 la Facultad y los 30 a\u00f1os de la carrera de Ingenier\u00eda Civil Agr\u00edcola (Mundo Agropecuario). En una ceremonia...","og_url":"https:\/\/www.mundoagropecuario.cl\/new\/facultad-de-ingenieria-agricola-udec-titulo-a-43-nuevos-profesionales\/","og_site_name":"Mundoagropecuario","article_publisher":"https:\/\/www.facebook.com\/mundo.agropecuario.3","article_published_time":"2019-01-30T03:48:53+00:00","og_image":[{"width":900,"height":600,"url":"https:\/\/www.mundoagropecuario.cl\/new\/wp-content\/uploads\/2019\/01\/agro-UdeC.jpg","type":"image\/jpeg"}],"author":"periodista","twitter_card":"summary_large_image","twitter_creator":"@MundoAgropecuar","twitter_site":"@MundoAgropecuar","twitter_misc":{"Escrito por":"periodista","Tiempo de lectura":"3 minutos"},"schema":{"@context":"https:\/\/schema.org","@graph":[{"@type":"Article","@id":"https:\/\/www.mundoagropecuario.cl\/new\/facultad-de-ingenieria-agricola-udec-titulo-a-43-nuevos-profesionales\/#article","isPartOf":{"@id":"https:\/\/www.mundoagropecuario.cl\/new\/facultad-de-ingenieria-agricola-udec-titulo-a-43-nuevos-profesionales\/"},"author":{"name":"periodista","@id":"https:\/\/www.mundoagropecuario.cl\/new\/#\/schema\/person\/0c221050801c74e45256a7a9a1ff0803"},"headline":"Facultad de Ingenier\u00eda Agr\u00edcola UdeC titul\u00f3 a 43 nuevos profesionales","datePublished":"2019-01-30T03:48:53+00:00","mainEntityOfPage":{"@id":"https:\/\/www.mundoagropecuario.cl\/new\/facultad-de-ingenieria-agricola-udec-titulo-a-43-nuevos-profesionales\/"},"wordCount":656,"publisher":{"@id":"https:\/\/www.mundoagropecuario.cl\/new\/#organization"},"image":{"@id":"https:\/\/www.mundoagropecuario.cl\/new\/facultad-de-ingenieria-agricola-udec-titulo-a-43-nuevos-profesionales\/#primaryimage"},"thumbnailUrl":"https:\/\/www.mundoagropecuario.cl\/new\/wp-content\/uploads\/2019\/01\/agro-UdeC.jpg","keywords":["Chill\u00e1n","FIA UdeC","UdeC"],"articleSection":["Educaci\u00f3n"],"inLanguage":"es"},{"@type":"WebPage","@id":"https:\/\/www.mundoagropecuario.cl\/new\/facultad-de-ingenieria-agricola-udec-titulo-a-43-nuevos-profesionales\/","url":"https:\/\/www.mundoagropecuario.cl\/new\/facultad-de-ingenieria-agricola-udec-titulo-a-43-nuevos-profesionales\/","name":"Facultad de Ingenier\u00eda Agr\u00edcola UdeC titul\u00f3 a 43 nuevos profesionales - Mundoagropecuario","isPartOf":{"@id":"https:\/\/www.mundoagropecuario.cl\/new\/#website"},"primaryImageOfPage":{"@id":"https:\/\/www.mundoagropecuario.cl\/new\/facultad-de-ingenieria-agricola-udec-titulo-a-43-nuevos-profesionales\/#primaryimage"},"image":{"@id":"https:\/\/www.mundoagropecuario.cl\/new\/facultad-de-ingenieria-agricola-udec-titulo-a-43-nuevos-profesionales\/#primaryimage"},"thumbnailUrl":"https:\/\/www.mundoagropecuario.cl\/new\/wp-content\/uploads\/2019\/01\/agro-UdeC.jpg","datePublished":"2019-01-30T03:48:53+00:00","breadcrumb":{"@id":"https:\/\/www.mundoagropecuario.cl\/new\/facultad-de-ingenieria-agricola-udec-titulo-a-43-nuevos-profesionales\/#breadcrumb"},"inLanguage":"es","potentialAction":[{"@type":"ReadAction","target":["https:\/\/www.mundoagropecuario.cl\/new\/facultad-de-ingenieria-agricola-udec-titulo-a-43-nuevos-profesionales\/"]}]},{"@type":"ImageObject","inLanguage":"es","@id":"https:\/\/www.mundoagropecuario.cl\/new\/facultad-de-ingenieria-agricola-udec-titulo-a-43-nuevos-profesionales\/#primaryimage","url":"https:\/\/www.mundoagropecuario.cl\/new\/wp-content\/uploads\/2019\/01\/agro-UdeC.jpg","contentUrl":"https:\/\/www.mundoagropecuario.cl\/new\/wp-content\/uploads\/2019\/01\/agro-UdeC.jpg","width":600,"height":400},{"@type":"BreadcrumbList","@id":"https:\/\/www.mundoagropecuario.cl\/new\/facultad-de-ingenieria-agricola-udec-titulo-a-43-nuevos-profesionales\/#breadcrumb","itemListElement":[{"@type":"ListItem","position":1,"name":"Portada","item":"https:\/\/www.mundoagropecuario.cl\/new\/"},{"@type":"ListItem","position":2,"name":"Facultad de Ingenier\u00eda Agr\u00edcola UdeC titul\u00f3 a 43 nuevos profesionales"}]},{"@type":"WebSite","@id":"https:\/\/www.mundoagropecuario.cl\/new\/#website","url":"https:\/\/www.mundoagropecuario.cl\/new\/","name":"Mundoagropecuario","description":"Mundo Agropecuario","publisher":{"@id":"https:\/\/www.mundoagropecuario.cl\/new\/#organization"},"potentialAction":[{"@type":"SearchAction","target":{"@type":"EntryPoint","urlTemplate":"https:\/\/www.mundoagropecuario.cl\/new\/?s={search_term_string}"},"query-input":{"@type":"PropertyValueSpecification","valueRequired":true,"valueName":"search_term_string"}}],"inLanguage":"es"},{"@type":"Organization","@id":"https:\/\/www.mundoagropecuario.cl\/new\/#organization","name":"Revista de Agricultura","url":"https:\/\/www.mundoagropecuario.cl\/new\/","logo":{"@type":"ImageObject","inLanguage":"es","@id":"https:\/\/www.mundoagropecuario.cl\/new\/#\/schema\/logo\/image\/","url":"https:\/\/www.mundoagropecuario.cl\/new\/wp-content\/uploads\/2020\/11\/PORTAL-1-1.png","contentUrl":"https:\/\/www.mundoagropecuario.cl\/new\/wp-content\/uploads\/2020\/11\/PORTAL-1-1.png","width":1026,"height":100,"caption":"Revista de Agricultura"},"image":{"@id":"https:\/\/www.mundoagropecuario.cl\/new\/#\/schema\/logo\/image\/"},"sameAs":["https:\/\/www.facebook.com\/mundo.agropecuario.3","https:\/\/x.com\/MundoAgropecuar","https:\/\/www.linkedin.com\/in\/mundo-agropecuario-934009201\/"]},{"@type":"Person","@id":"https:\/\/www.mundoagropecuario.cl\/new\/#\/schema\/person\/0c221050801c74e45256a7a9a1ff0803","name":"periodista","url":"https:\/\/www.mundoagropecuario.cl\/new\/author\/periodista\/"}]}},"_links":{"self":[{"href":"https:\/\/www.mundoagropecuario.cl\/new\/wp-json\/wp\/v2\/posts\/10579","targetHints":{"allow":["GET"]}}],"collection":[{"href":"https:\/\/www.mundoagropecuario.cl\/new\/wp-json\/wp\/v2\/posts"}],"about":[{"href":"https:\/\/www.mundoagropecuario.cl\/new\/wp-json\/wp\/v2\/types\/post"}],"author":[{"embeddable":true,"href":"https:\/\/www.mundoagropecuario.cl\/new\/wp-json\/wp\/v2\/users\/3"}],"replies":[{"embeddable":true,"href":"https:\/\/www.mundoagropecuario.cl\/new\/wp-json\/wp\/v2\/comments?post=10579"}],"version-history":[{"count":1,"href":"https:\/\/www.mundoagropecuario.cl\/new\/wp-json\/wp\/v2\/posts\/10579\/revisions"}],"predecessor-version":[{"id":10581,"href":"https:\/\/www.mundoagropecuario.cl\/new\/wp-json\/wp\/v2\/posts\/10579\/revisions\/10581"}],"wp:featuredmedia":[{"embeddable":true,"href":"https:\/\/www.mundoagropecuario.cl\/new\/wp-json\/wp\/v2\/media\/10580"}],"wp:attachment":[{"href":"https:\/\/www.mundoagropecuario.cl\/new\/wp-json\/wp\/v2\/media?parent=10579"}],"wp:term":[{"taxonomy":"category","embeddable":true,"href":"https:\/\/www.mundoagropecuario.cl\/new\/wp-json\/wp\/v2\/categories?post=10579"},{"taxonomy":"post_tag","embeddable":true,"href":"https:\/\/www.mundoagropecuario.cl\/new\/wp-json\/wp\/v2\/tags?post=10579"}],"curies":[{"name":"wp","href":"https:\/\/api.w.org\/{rel}","templated":true}]}}