{"id":10527,"date":"2019-01-25T01:20:38","date_gmt":"2019-01-25T04:20:38","guid":{"rendered":"http:\/\/www.mundoagropecuario.cl\/new\/?p=10527"},"modified":"2019-01-25T01:20:38","modified_gmt":"2019-01-25T04:20:38","slug":"fiscalia-investiga-posible-maltrato-a-animales-de-desalojados-por-construccion-de-embalse","status":"publish","type":"post","link":"https:\/\/www.mundoagropecuario.cl\/new\/fiscalia-investiga-posible-maltrato-a-animales-de-desalojados-por-construccion-de-embalse\/","title":{"rendered":"Fiscal\u00eda investiga posible maltrato a animales de desalojados por construcci\u00f3n de embalse"},"content":{"rendered":"<blockquote><p><em>Animales est\u00e1n al resguardo de la empresa Astaldi, a cargo de la construcci\u00f3n del proyecto hidroel\u00e9ctrico que se ejecutar\u00e1 en la cuenca del r\u00edo \u00d1uble (La Discusi\u00f3n.cl).<\/em><\/p><\/blockquote>\n<p>Una serie de diligencias ha realizado la Fiscal\u00eda Local de San Carlos, en el marco de la investigaci\u00f3n abierta el 19 de diciembre pasado y que tiene como objetivo investigar si existe maltrato animal en la situaci\u00f3n que enfrentan aves, cabras, equinos y bovinos de propiedad de habitantes de San Fabian de Alico, quienes fueron desalojados de sus terrenos por la construcci\u00f3n del embalse La Punilla.<\/p>\n<p>Los animales est\u00e1n al resguardo de la empresa Astaldi, a cargo de la construcci\u00f3n del proyecto hidroel\u00e9ctrico que se ejecutar\u00e1 en la cuenca del r\u00edo \u00d1uble. Esto, pues sus due\u00f1os argumentan que no tienen d\u00f3nde dejarlos, al haber tenido que abandonar sus hogares.<\/p>\n<p>El fiscal jefe de San Carlos, Rolando Canahuate, incluso se constituy\u00f3 en el lugar donde se mantienen a los animales e inspeccion\u00f3 corrales y espacios donde \u00e9stos est\u00e1n. En esta tarea fue acompa\u00f1ado por un equipo del Servicio Agr\u00edcola y Ganadero (SAG), una profesional veterinaria de la empresa constructora y un equipo policial.<\/p>\n<p>Adem\u00e1s, se han emitido \u00f3rdenes de investigar a la Brigada Investigadora de Delitos Medioambientales (Bidema) de Valdivia y a la Brigada de Investigaci\u00f3n Criminal (Bicrim) de San Carlos, ambas de la Polic\u00eda de Investigaciones. Tambi\u00e9n se ha oficiado al SAG, al Servicio de Salud \u00d1uble, y a las secretar\u00edas regionales de Salud y Medioambiente para poner en antecedentes los hechos y solicitar que remitan informaci\u00f3n sobre el estado de los animales y las visitas que estas instituciones han realizado.<\/p>\n<p>A ello se suman la toma de declaraciones a los propietarios del ganado y aves, fijaciones fotogr\u00e1ficas de los animales y un levantamiento planim\u00e9trico de los corrales, esto \u00faltimo ya realizado por el Laboratorio de Criminal\u00edstica (Lacrim) de la Polic\u00eda de Investigaciones de Chill\u00e1n.<\/p>\n<p>Seg\u00fan detall\u00f3 el fiscal, la investigaci\u00f3n se origin\u00f3 por una solicitud para indagar que realiz\u00f3 la Comisi\u00f3n de Medioambiente y Recursos Naturales de la C\u00e1mara de Diputados a la Bidema de Valdivia, la que efectu\u00f3 la denuncia a la Fiscal\u00eda Local de San Carlos.<\/p>\n<p>&nbsp;<\/p>\n<p>&nbsp;<\/p>\n","protected":false},"excerpt":{"rendered":"<p>Animales est\u00e1n al resguardo de la empresa Astaldi, a cargo de la construcci\u00f3n del proyecto hidroel\u00e9ctrico que se ejecutar\u00e1 en la cuenca del r\u00edo \u00d1uble (La Discusi\u00f3n.cl). Una serie de&#8230;<\/p>\n","protected":false},"author":3,"featured_media":10528,"comment_status":"closed","ping_status":"closed","sticky":false,"template":"","format":"standard","meta":{"footnotes":""},"categories":[404],"tags":[3239,3290,3241,3289,3288,1151,2036],"class_list":["post-10527","post","type-post","status-publish","format-standard","has-post-thumbnail","hentry","category-titular-2","tag-astaldi","tag-bidema","tag-embalse","tag-la-punilla","tag-maltrato-animal","tag-nuble","tag-sag"],"yoast_head":"<!-- This site is optimized with the Yoast SEO plugin v26.6 - https:\/\/yoast.com\/wordpress\/plugins\/seo\/ -->\n<title>Fiscal\u00eda investiga posible maltrato a animales de desalojados por construcci\u00f3n de embalse - Mundoagropecuario<\/title>\n<meta name=\"robots\" content=\"index, follow, max-snippet:-1, max-image-preview:large, max-video-preview:-1\" \/>\n<link rel=\"canonical\" href=\"https:\/\/www.mundoagropecuario.cl\/new\/fiscalia-investiga-posible-maltrato-a-animales-de-desalojados-por-construccion-de-embalse\/\" \/>\n<meta property=\"og:locale\" content=\"es_ES\" \/>\n<meta property=\"og:type\" content=\"article\" \/>\n<meta property=\"og:title\" content=\"Fiscal\u00eda investiga posible maltrato a animales de desalojados por construcci\u00f3n de embalse - Mundoagropecuario\" \/>\n<meta property=\"og:description\" content=\"Animales est\u00e1n al resguardo de la empresa Astaldi, a cargo de la construcci\u00f3n del proyecto hidroel\u00e9ctrico que se ejecutar\u00e1 en la cuenca del r\u00edo \u00d1uble (La Discusi\u00f3n.cl). Una serie de...\" \/>\n<meta property=\"og:url\" content=\"https:\/\/www.mundoagropecuario.cl\/new\/fiscalia-investiga-posible-maltrato-a-animales-de-desalojados-por-construccion-de-embalse\/\" \/>\n<meta property=\"og:site_name\" content=\"Mundoagropecuario\" \/>\n<meta property=\"article:publisher\" content=\"https:\/\/www.facebook.com\/mundo.agropecuario.3\" \/>\n<meta property=\"article:published_time\" content=\"2019-01-25T04:20:38+00:00\" \/>\n<meta property=\"og:image\" content=\"https:\/\/www.mundoagropecuario.cl\/new\/wp-content\/uploads\/2019\/01\/maltrato.jpg\" \/>\n\t<meta property=\"og:image:width\" content=\"679\" \/>\n\t<meta property=\"og:image:height\" content=\"381\" \/>\n\t<meta property=\"og:image:type\" content=\"image\/jpeg\" \/>\n<meta name=\"author\" content=\"periodista\" \/>\n<meta name=\"twitter:card\" content=\"summary_large_image\" \/>\n<meta name=\"twitter:creator\" content=\"@MundoAgropecuar\" \/>\n<meta name=\"twitter:site\" content=\"@MundoAgropecuar\" \/>\n<meta name=\"twitter:label1\" content=\"Escrito por\" \/>\n\t<meta name=\"twitter:data1\" content=\"periodista\" \/>\n\t<meta name=\"twitter:label2\" content=\"Tiempo de lectura\" \/>\n\t<meta name=\"twitter:data2\" content=\"2 minutos\" \/>\n<script type=\"application\/ld+json\" class=\"yoast-schema-graph\">{\"@context\":\"https:\/\/schema.org\",\"@graph\":[{\"@type\":\"Article\",\"@id\":\"https:\/\/www.mundoagropecuario.cl\/new\/fiscalia-investiga-posible-maltrato-a-animales-de-desalojados-por-construccion-de-embalse\/#article\",\"isPartOf\":{\"@id\":\"https:\/\/www.mundoagropecuario.cl\/new\/fiscalia-investiga-posible-maltrato-a-animales-de-desalojados-por-construccion-de-embalse\/\"},\"author\":{\"name\":\"periodista\",\"@id\":\"https:\/\/www.mundoagropecuario.cl\/new\/#\/schema\/person\/0c221050801c74e45256a7a9a1ff0803\"},\"headline\":\"Fiscal\u00eda investiga posible maltrato a animales de desalojados por construcci\u00f3n de embalse\",\"datePublished\":\"2019-01-25T04:20:38+00:00\",\"mainEntityOfPage\":{\"@id\":\"https:\/\/www.mundoagropecuario.cl\/new\/fiscalia-investiga-posible-maltrato-a-animales-de-desalojados-por-construccion-de-embalse\/\"},\"wordCount\":406,\"publisher\":{\"@id\":\"https:\/\/www.mundoagropecuario.cl\/new\/#organization\"},\"image\":{\"@id\":\"https:\/\/www.mundoagropecuario.cl\/new\/fiscalia-investiga-posible-maltrato-a-animales-de-desalojados-por-construccion-de-embalse\/#primaryimage\"},\"thumbnailUrl\":\"https:\/\/www.mundoagropecuario.cl\/new\/wp-content\/uploads\/2019\/01\/maltrato.jpg\",\"keywords\":[\"Astaldi\",\"Bidema\",\"embalse\",\"La Punilla\",\"maltrato animal\",\"\u00d1uble\",\"SAG\"],\"articleSection\":[\"Titular 2\"],\"inLanguage\":\"es\"},{\"@type\":\"WebPage\",\"@id\":\"https:\/\/www.mundoagropecuario.cl\/new\/fiscalia-investiga-posible-maltrato-a-animales-de-desalojados-por-construccion-de-embalse\/\",\"url\":\"https:\/\/www.mundoagropecuario.cl\/new\/fiscalia-investiga-posible-maltrato-a-animales-de-desalojados-por-construccion-de-embalse\/\",\"name\":\"Fiscal\u00eda investiga posible maltrato a animales de desalojados por construcci\u00f3n de embalse - Mundoagropecuario\",\"isPartOf\":{\"@id\":\"https:\/\/www.mundoagropecuario.cl\/new\/#website\"},\"primaryImageOfPage\":{\"@id\":\"https:\/\/www.mundoagropecuario.cl\/new\/fiscalia-investiga-posible-maltrato-a-animales-de-desalojados-por-construccion-de-embalse\/#primaryimage\"},\"image\":{\"@id\":\"https:\/\/www.mundoagropecuario.cl\/new\/fiscalia-investiga-posible-maltrato-a-animales-de-desalojados-por-construccion-de-embalse\/#primaryimage\"},\"thumbnailUrl\":\"https:\/\/www.mundoagropecuario.cl\/new\/wp-content\/uploads\/2019\/01\/maltrato.jpg\",\"datePublished\":\"2019-01-25T04:20:38+00:00\",\"breadcrumb\":{\"@id\":\"https:\/\/www.mundoagropecuario.cl\/new\/fiscalia-investiga-posible-maltrato-a-animales-de-desalojados-por-construccion-de-embalse\/#breadcrumb\"},\"inLanguage\":\"es\",\"potentialAction\":[{\"@type\":\"ReadAction\",\"target\":[\"https:\/\/www.mundoagropecuario.cl\/new\/fiscalia-investiga-posible-maltrato-a-animales-de-desalojados-por-construccion-de-embalse\/\"]}]},{\"@type\":\"ImageObject\",\"inLanguage\":\"es\",\"@id\":\"https:\/\/www.mundoagropecuario.cl\/new\/fiscalia-investiga-posible-maltrato-a-animales-de-desalojados-por-construccion-de-embalse\/#primaryimage\",\"url\":\"https:\/\/www.mundoagropecuario.cl\/new\/wp-content\/uploads\/2019\/01\/maltrato.jpg\",\"contentUrl\":\"https:\/\/www.mundoagropecuario.cl\/new\/wp-content\/uploads\/2019\/01\/maltrato.jpg\",\"width\":679,\"height\":381},{\"@type\":\"BreadcrumbList\",\"@id\":\"https:\/\/www.mundoagropecuario.cl\/new\/fiscalia-investiga-posible-maltrato-a-animales-de-desalojados-por-construccion-de-embalse\/#breadcrumb\",\"itemListElement\":[{\"@type\":\"ListItem\",\"position\":1,\"name\":\"Portada\",\"item\":\"https:\/\/www.mundoagropecuario.cl\/new\/\"},{\"@type\":\"ListItem\",\"position\":2,\"name\":\"Fiscal\u00eda investiga posible maltrato a animales de desalojados por construcci\u00f3n de embalse\"}]},{\"@type\":\"WebSite\",\"@id\":\"https:\/\/www.mundoagropecuario.cl\/new\/#website\",\"url\":\"https:\/\/www.mundoagropecuario.cl\/new\/\",\"name\":\"Mundoagropecuario\",\"description\":\"Mundo Agropecuario\",\"publisher\":{\"@id\":\"https:\/\/www.mundoagropecuario.cl\/new\/#organization\"},\"potentialAction\":[{\"@type\":\"SearchAction\",\"target\":{\"@type\":\"EntryPoint\",\"urlTemplate\":\"https:\/\/www.mundoagropecuario.cl\/new\/?s={search_term_string}\"},\"query-input\":{\"@type\":\"PropertyValueSpecification\",\"valueRequired\":true,\"valueName\":\"search_term_string\"}}],\"inLanguage\":\"es\"},{\"@type\":\"Organization\",\"@id\":\"https:\/\/www.mundoagropecuario.cl\/new\/#organization\",\"name\":\"Revista de Agricultura\",\"url\":\"https:\/\/www.mundoagropecuario.cl\/new\/\",\"logo\":{\"@type\":\"ImageObject\",\"inLanguage\":\"es\",\"@id\":\"https:\/\/www.mundoagropecuario.cl\/new\/#\/schema\/logo\/image\/\",\"url\":\"https:\/\/www.mundoagropecuario.cl\/new\/wp-content\/uploads\/2020\/11\/PORTAL-1-1.png\",\"contentUrl\":\"https:\/\/www.mundoagropecuario.cl\/new\/wp-content\/uploads\/2020\/11\/PORTAL-1-1.png\",\"width\":1026,\"height\":100,\"caption\":\"Revista de Agricultura\"},\"image\":{\"@id\":\"https:\/\/www.mundoagropecuario.cl\/new\/#\/schema\/logo\/image\/\"},\"sameAs\":[\"https:\/\/www.facebook.com\/mundo.agropecuario.3\",\"https:\/\/x.com\/MundoAgropecuar\",\"https:\/\/www.linkedin.com\/in\/mundo-agropecuario-934009201\/\"]},{\"@type\":\"Person\",\"@id\":\"https:\/\/www.mundoagropecuario.cl\/new\/#\/schema\/person\/0c221050801c74e45256a7a9a1ff0803\",\"name\":\"periodista\",\"url\":\"https:\/\/www.mundoagropecuario.cl\/new\/author\/periodista\/\"}]}<\/script>\n<!-- \/ Yoast SEO plugin. -->","yoast_head_json":{"title":"Fiscal\u00eda investiga posible maltrato a animales de desalojados por construcci\u00f3n de embalse - Mundoagropecuario","robots":{"index":"index","follow":"follow","max-snippet":"max-snippet:-1","max-image-preview":"max-image-preview:large","max-video-preview":"max-video-preview:-1"},"canonical":"https:\/\/www.mundoagropecuario.cl\/new\/fiscalia-investiga-posible-maltrato-a-animales-de-desalojados-por-construccion-de-embalse\/","og_locale":"es_ES","og_type":"article","og_title":"Fiscal\u00eda investiga posible maltrato a animales de desalojados por construcci\u00f3n de embalse - Mundoagropecuario","og_description":"Animales est\u00e1n al resguardo de la empresa Astaldi, a cargo de la construcci\u00f3n del proyecto hidroel\u00e9ctrico que se ejecutar\u00e1 en la cuenca del r\u00edo \u00d1uble (La Discusi\u00f3n.cl). Una serie de...","og_url":"https:\/\/www.mundoagropecuario.cl\/new\/fiscalia-investiga-posible-maltrato-a-animales-de-desalojados-por-construccion-de-embalse\/","og_site_name":"Mundoagropecuario","article_publisher":"https:\/\/www.facebook.com\/mundo.agropecuario.3","article_published_time":"2019-01-25T04:20:38+00:00","og_image":[{"width":679,"height":381,"url":"https:\/\/www.mundoagropecuario.cl\/new\/wp-content\/uploads\/2019\/01\/maltrato.jpg","type":"image\/jpeg"}],"author":"periodista","twitter_card":"summary_large_image","twitter_creator":"@MundoAgropecuar","twitter_site":"@MundoAgropecuar","twitter_misc":{"Escrito por":"periodista","Tiempo de lectura":"2 minutos"},"schema":{"@context":"https:\/\/schema.org","@graph":[{"@type":"Article","@id":"https:\/\/www.mundoagropecuario.cl\/new\/fiscalia-investiga-posible-maltrato-a-animales-de-desalojados-por-construccion-de-embalse\/#article","isPartOf":{"@id":"https:\/\/www.mundoagropecuario.cl\/new\/fiscalia-investiga-posible-maltrato-a-animales-de-desalojados-por-construccion-de-embalse\/"},"author":{"name":"periodista","@id":"https:\/\/www.mundoagropecuario.cl\/new\/#\/schema\/person\/0c221050801c74e45256a7a9a1ff0803"},"headline":"Fiscal\u00eda investiga posible maltrato a animales de desalojados por construcci\u00f3n de embalse","datePublished":"2019-01-25T04:20:38+00:00","mainEntityOfPage":{"@id":"https:\/\/www.mundoagropecuario.cl\/new\/fiscalia-investiga-posible-maltrato-a-animales-de-desalojados-por-construccion-de-embalse\/"},"wordCount":406,"publisher":{"@id":"https:\/\/www.mundoagropecuario.cl\/new\/#organization"},"image":{"@id":"https:\/\/www.mundoagropecuario.cl\/new\/fiscalia-investiga-posible-maltrato-a-animales-de-desalojados-por-construccion-de-embalse\/#primaryimage"},"thumbnailUrl":"https:\/\/www.mundoagropecuario.cl\/new\/wp-content\/uploads\/2019\/01\/maltrato.jpg","keywords":["Astaldi","Bidema","embalse","La Punilla","maltrato animal","\u00d1uble","SAG"],"articleSection":["Titular 2"],"inLanguage":"es"},{"@type":"WebPage","@id":"https:\/\/www.mundoagropecuario.cl\/new\/fiscalia-investiga-posible-maltrato-a-animales-de-desalojados-por-construccion-de-embalse\/","url":"https:\/\/www.mundoagropecuario.cl\/new\/fiscalia-investiga-posible-maltrato-a-animales-de-desalojados-por-construccion-de-embalse\/","name":"Fiscal\u00eda investiga posible maltrato a animales de desalojados por construcci\u00f3n de embalse - Mundoagropecuario","isPartOf":{"@id":"https:\/\/www.mundoagropecuario.cl\/new\/#website"},"primaryImageOfPage":{"@id":"https:\/\/www.mundoagropecuario.cl\/new\/fiscalia-investiga-posible-maltrato-a-animales-de-desalojados-por-construccion-de-embalse\/#primaryimage"},"image":{"@id":"https:\/\/www.mundoagropecuario.cl\/new\/fiscalia-investiga-posible-maltrato-a-animales-de-desalojados-por-construccion-de-embalse\/#primaryimage"},"thumbnailUrl":"https:\/\/www.mundoagropecuario.cl\/new\/wp-content\/uploads\/2019\/01\/maltrato.jpg","datePublished":"2019-01-25T04:20:38+00:00","breadcrumb":{"@id":"https:\/\/www.mundoagropecuario.cl\/new\/fiscalia-investiga-posible-maltrato-a-animales-de-desalojados-por-construccion-de-embalse\/#breadcrumb"},"inLanguage":"es","potentialAction":[{"@type":"ReadAction","target":["https:\/\/www.mundoagropecuario.cl\/new\/fiscalia-investiga-posible-maltrato-a-animales-de-desalojados-por-construccion-de-embalse\/"]}]},{"@type":"ImageObject","inLanguage":"es","@id":"https:\/\/www.mundoagropecuario.cl\/new\/fiscalia-investiga-posible-maltrato-a-animales-de-desalojados-por-construccion-de-embalse\/#primaryimage","url":"https:\/\/www.mundoagropecuario.cl\/new\/wp-content\/uploads\/2019\/01\/maltrato.jpg","contentUrl":"https:\/\/www.mundoagropecuario.cl\/new\/wp-content\/uploads\/2019\/01\/maltrato.jpg","width":679,"height":381},{"@type":"BreadcrumbList","@id":"https:\/\/www.mundoagropecuario.cl\/new\/fiscalia-investiga-posible-maltrato-a-animales-de-desalojados-por-construccion-de-embalse\/#breadcrumb","itemListElement":[{"@type":"ListItem","position":1,"name":"Portada","item":"https:\/\/www.mundoagropecuario.cl\/new\/"},{"@type":"ListItem","position":2,"name":"Fiscal\u00eda investiga posible maltrato a animales de desalojados por construcci\u00f3n de embalse"}]},{"@type":"WebSite","@id":"https:\/\/www.mundoagropecuario.cl\/new\/#website","url":"https:\/\/www.mundoagropecuario.cl\/new\/","name":"Mundoagropecuario","description":"Mundo Agropecuario","publisher":{"@id":"https:\/\/www.mundoagropecuario.cl\/new\/#organization"},"potentialAction":[{"@type":"SearchAction","target":{"@type":"EntryPoint","urlTemplate":"https:\/\/www.mundoagropecuario.cl\/new\/?s={search_term_string}"},"query-input":{"@type":"PropertyValueSpecification","valueRequired":true,"valueName":"search_term_string"}}],"inLanguage":"es"},{"@type":"Organization","@id":"https:\/\/www.mundoagropecuario.cl\/new\/#organization","name":"Revista de Agricultura","url":"https:\/\/www.mundoagropecuario.cl\/new\/","logo":{"@type":"ImageObject","inLanguage":"es","@id":"https:\/\/www.mundoagropecuario.cl\/new\/#\/schema\/logo\/image\/","url":"https:\/\/www.mundoagropecuario.cl\/new\/wp-content\/uploads\/2020\/11\/PORTAL-1-1.png","contentUrl":"https:\/\/www.mundoagropecuario.cl\/new\/wp-content\/uploads\/2020\/11\/PORTAL-1-1.png","width":1026,"height":100,"caption":"Revista de Agricultura"},"image":{"@id":"https:\/\/www.mundoagropecuario.cl\/new\/#\/schema\/logo\/image\/"},"sameAs":["https:\/\/www.facebook.com\/mundo.agropecuario.3","https:\/\/x.com\/MundoAgropecuar","https:\/\/www.linkedin.com\/in\/mundo-agropecuario-934009201\/"]},{"@type":"Person","@id":"https:\/\/www.mundoagropecuario.cl\/new\/#\/schema\/person\/0c221050801c74e45256a7a9a1ff0803","name":"periodista","url":"https:\/\/www.mundoagropecuario.cl\/new\/author\/periodista\/"}]}},"_links":{"self":[{"href":"https:\/\/www.mundoagropecuario.cl\/new\/wp-json\/wp\/v2\/posts\/10527","targetHints":{"allow":["GET"]}}],"collection":[{"href":"https:\/\/www.mundoagropecuario.cl\/new\/wp-json\/wp\/v2\/posts"}],"about":[{"href":"https:\/\/www.mundoagropecuario.cl\/new\/wp-json\/wp\/v2\/types\/post"}],"author":[{"embeddable":true,"href":"https:\/\/www.mundoagropecuario.cl\/new\/wp-json\/wp\/v2\/users\/3"}],"replies":[{"embeddable":true,"href":"https:\/\/www.mundoagropecuario.cl\/new\/wp-json\/wp\/v2\/comments?post=10527"}],"version-history":[{"count":1,"href":"https:\/\/www.mundoagropecuario.cl\/new\/wp-json\/wp\/v2\/posts\/10527\/revisions"}],"predecessor-version":[{"id":10529,"href":"https:\/\/www.mundoagropecuario.cl\/new\/wp-json\/wp\/v2\/posts\/10527\/revisions\/10529"}],"wp:featuredmedia":[{"embeddable":true,"href":"https:\/\/www.mundoagropecuario.cl\/new\/wp-json\/wp\/v2\/media\/10528"}],"wp:attachment":[{"href":"https:\/\/www.mundoagropecuario.cl\/new\/wp-json\/wp\/v2\/media?parent=10527"}],"wp:term":[{"taxonomy":"category","embeddable":true,"href":"https:\/\/www.mundoagropecuario.cl\/new\/wp-json\/wp\/v2\/categories?post=10527"},{"taxonomy":"post_tag","embeddable":true,"href":"https:\/\/www.mundoagropecuario.cl\/new\/wp-json\/wp\/v2\/tags?post=10527"}],"curies":[{"name":"wp","href":"https:\/\/api.w.org\/{rel}","templated":true}]}}