{"id":10424,"date":"2019-01-18T02:39:53","date_gmt":"2019-01-18T05:39:53","guid":{"rendered":"http:\/\/www.mundoagropecuario.cl\/new\/?p=10424"},"modified":"2019-01-18T02:39:53","modified_gmt":"2019-01-18T05:39:53","slug":"pugna-por-estado-de-animales-de-los-desalojados-del-embalse-punilla","status":"publish","type":"post","link":"https:\/\/www.mundoagropecuario.cl\/new\/pugna-por-estado-de-animales-de-los-desalojados-del-embalse-punilla\/","title":{"rendered":"Pugna por estado de animales de los desalojados del embalse Punilla"},"content":{"rendered":"<blockquote><p><em>Afectados que mantienen ya por casi dos meses sus animales bajo custodia de Astaldi, concesionaria de las obras, acusan falta de cuidado y enfermedades en aves, vacas y terneros y caballos, entre otros animales (La Discusi\u00f3n.cl).<\/em><\/p><\/blockquote>\n<p>En una pugna se ha transformado la situaci\u00f3n que rodea la condici\u00f3n de salud de los animales de quienes fueron desalojados desde la zona que ser\u00e1 afectada por la construcci\u00f3n del embalse Punilla en San Fabi\u00e1n, Regi\u00f3n del \u00d1uble.<\/p>\n<p>Todo se origin\u00f3 porque los afectados que mantienen ya por casi dos meses sus animales bajo custodia de Astaldi, concesionaria de las obras, acusan falta de cuidado y enfermedades en aves, vacas y terneros y caballos, entre otros animales.<\/p>\n<p>Seg\u00fan consta en informes a los que tuvo acceso La Discusi\u00f3n, elaborados por la cl\u00ednica veterinaria Integra tras su \u00faltima visita del 7 de enero a pedido de uno de los due\u00f1os de los animales, Aliro L\u00f3pez, a las vacas se les diagnostic\u00f3 diarreas, disminuci\u00f3n o ausencia de producci\u00f3n de leche, dermatitis y costras en la zona perianal por moscas de los cuernos, aparte de desnutrici\u00f3n. Uno de los terneros tambi\u00e9n presentaba desnutrici\u00f3n y deshidrataci\u00f3n, producto de la ausencia de leche en su madre. El mismo documento recomendaba, entre otros puntos, mejorar la alimentaci\u00f3n de los rumiantes y suministrar algunos sustitutos alimenticios para los terneros. Para mulares y equinos suplementar, adem\u00e1s, la alimentaci\u00f3n con alfalfa y desparasitar.<\/p>\n<p>En informes anteriores, correspondientes a visitas del 11 y 21 de diciembre, se realizaron diagn\u00f3sticos similares y tambi\u00e9n se hicieron recomendaciones del mismo tipo. En el \u00faltimo documento, sin embargo, se constata que \u201cla empresa Astaldi dej\u00f3 de suplementar con fardo hace 7 d\u00edas a la totalidad de vacunos, equinos, caprinos y mulares (&#8230;) No se han realizado las mejoras solicitadas.\u201d<\/p>\n<p>Sim\u00f3n Alfaro, m\u00e9dico veterinario que realiz\u00f3 estas revisiones a los animales, coment\u00f3 que las 11 vacas, con sus 11 terneros, eran las principales afectadas, y las que tambi\u00e9n corresponden al principal sustento econ\u00f3mico de quien orden\u00f3 realizar las pruebas.<\/p>\n<p>\u201cSe hicieron mejoras leves en un principio. Por ejemplo, mejoraron el fardo, por uno de mediana a mala calidad y los soltaron a un potrero que no ten\u00eda mucho pasto y tampoco fue una buena soluci\u00f3n (&#8230;) La condici\u00f3n de los animales disminuy\u00f3, es decir, estaban m\u00e1s delgados que en la primera visita. En el caso de las vacas que estaban con terneros, tienen que tener leche y debido a su condici\u00f3n de desnutrici\u00f3n no tienen. Lo m\u00e1s probable es que al menos los terneros puede que mueran, las vacas se mantienen o pueden seguir perdiendo peso\u201d, explic\u00f3.<\/p>\n<p>Al estar desnutridas las vacas y en un espacio reducido, a\u00f1adi\u00f3, no es posible pre\u00f1arlas, con el consiguiente perjuicio econ\u00f3mico para su due\u00f1o. \u201cSeg\u00fan mi experiencia, mis animales de aqu\u00ed a ocho a quince d\u00edas van a haber muerto (&#8230;) Ellos dicen que los animales est\u00e1n bien\u201d, se lament\u00f3 Aquiles L\u00f3pez.<\/p>\n<p><strong>La pugna<\/strong><\/p>\n<p>El seremi de Obras P\u00fablicas de \u00d1uble, Ignacio Vera, ratific\u00f3 que hab\u00edan recibido estos informes y agreg\u00f3 que \u201cefectivamente ha cambiado la nutrici\u00f3n debido a que est\u00e1n comiendo pasto natural ya que que as\u00ed lo han permitido las condiciones clim\u00e1ticas. Sin embargo, la veterinaria de la Oficina de Asistencia T\u00e9cnica, explica que las mulas y caballos se encuentran en el peso normal y que las vacas est\u00e1n m\u00e1s delgadas, debido a que los terneros est\u00e1n grandes y como no se han separado siguen mamando y les generan menor nutrici\u00f3n\u201d.<\/p>\n<p>Por otra parte, Vera agreg\u00f3 que era esperable que, como todos los a\u00f1os, los propietarios de los animales que ya est\u00e1n yendo a sus veranadas, los hubieran llevado consigo y no seguir dej\u00e1ndolos al cuidado de la concesionaria.<\/p>\n<p>Al respecto C\u00e9sar Uribe, coordinador de la agrupaci\u00f3n \u00d1uble Libre, expuso que los afectados por desalojos no han accedido a esa opci\u00f3n ni han firmado ning\u00fan documento \u201cporque piensan que pueden ser enga\u00f1ados\u201d.<\/p>\n<p>Uribe agreg\u00f3 que la pr\u00f3xima semana interpondr\u00e1n una denuncia por maltrato animal contra quienes resulten responsables.<\/p>\n<p><strong>\u201cBuen estado sanitario\u201d<\/strong><\/p>\n<p>Seg\u00fan consta en la respuesta del inspector fiscal de la concesi\u00f3n Embalse Punilla a Aliro L\u00f3pez, el SAG tambi\u00e9n concurri\u00f3 al sector donde est\u00e1n los animales, personal que constat\u00f3 \u201cel buen estado sanitario de los animales (&#8230;) y se formulan recomendaciones para el mejor cuidado de \u00e9stos\u201d.<\/p>\n<p>Seg\u00fan coment\u00f3 \u00c1ngela Valenzuela, esposa de Aliro L\u00f3pez, \u201cel SAG vio a los animales de lejos y dio un diagn\u00f3stico\u201d.<\/p>\n<p>Desde la empresa Astaldi, afirmaron que \u201ccomo concesionario, nos ha correspondido la mantenci\u00f3n de estos animales en terreno fiscal mientras se espera que sus due\u00f1os los retiren. Hemos respondido a las fiscalizaciones que ha hecho SAG siguiendo sus instrucciones para que todos los animales est\u00e9n en buenas condiciones\u201d.<\/p>\n<p>&nbsp;<\/p>\n<p>&nbsp;<\/p>\n<p>&nbsp;<\/p>\n<p>&nbsp;<\/p>\n","protected":false},"excerpt":{"rendered":"<p>Afectados que mantienen ya por casi dos meses sus animales bajo custodia de Astaldi, concesionaria de las obras, acusan falta de cuidado y enfermedades en aves, vacas y terneros y&#8230;<\/p>\n","protected":false},"author":3,"featured_media":10425,"comment_status":"closed","ping_status":"closed","sticky":false,"template":"","format":"standard","meta":{"footnotes":""},"categories":[1944],"tags":[3239,3241,2301,1151,3240],"class_list":["post-10424","post","type-post","status-publish","format-standard","has-post-thumbnail","hentry","category-ganaderia","tag-astaldi","tag-embalse","tag-ganado","tag-nuble","tag-punilla"],"yoast_head":"<!-- This site is optimized with the Yoast SEO plugin v26.6 - https:\/\/yoast.com\/wordpress\/plugins\/seo\/ -->\n<title>Pugna por estado de animales de los desalojados del embalse Punilla - Mundoagropecuario<\/title>\n<meta name=\"robots\" content=\"index, follow, max-snippet:-1, max-image-preview:large, max-video-preview:-1\" \/>\n<link rel=\"canonical\" href=\"https:\/\/www.mundoagropecuario.cl\/new\/pugna-por-estado-de-animales-de-los-desalojados-del-embalse-punilla\/\" \/>\n<meta property=\"og:locale\" content=\"es_ES\" \/>\n<meta property=\"og:type\" content=\"article\" \/>\n<meta property=\"og:title\" content=\"Pugna por estado de animales de los desalojados del embalse Punilla - Mundoagropecuario\" \/>\n<meta property=\"og:description\" content=\"Afectados que mantienen ya por casi dos meses sus animales bajo custodia de Astaldi, concesionaria de las obras, acusan falta de cuidado y enfermedades en aves, vacas y terneros y...\" \/>\n<meta property=\"og:url\" content=\"https:\/\/www.mundoagropecuario.cl\/new\/pugna-por-estado-de-animales-de-los-desalojados-del-embalse-punilla\/\" \/>\n<meta property=\"og:site_name\" content=\"Mundoagropecuario\" \/>\n<meta property=\"article:publisher\" content=\"https:\/\/www.facebook.com\/mundo.agropecuario.3\" \/>\n<meta property=\"article:published_time\" content=\"2019-01-18T05:39:53+00:00\" \/>\n<meta property=\"og:image\" content=\"https:\/\/www.mundoagropecuario.cl\/new\/wp-content\/uploads\/2019\/01\/Punilla.jpg\" \/>\n\t<meta property=\"og:image:width\" content=\"624\" \/>\n\t<meta property=\"og:image:height\" content=\"354\" \/>\n\t<meta property=\"og:image:type\" content=\"image\/jpeg\" \/>\n<meta name=\"author\" content=\"periodista\" \/>\n<meta name=\"twitter:card\" content=\"summary_large_image\" \/>\n<meta name=\"twitter:creator\" content=\"@MundoAgropecuar\" \/>\n<meta name=\"twitter:site\" content=\"@MundoAgropecuar\" \/>\n<meta name=\"twitter:label1\" content=\"Escrito por\" \/>\n\t<meta name=\"twitter:data1\" content=\"periodista\" \/>\n\t<meta name=\"twitter:label2\" content=\"Tiempo de lectura\" \/>\n\t<meta name=\"twitter:data2\" content=\"4 minutos\" \/>\n<script type=\"application\/ld+json\" class=\"yoast-schema-graph\">{\"@context\":\"https:\/\/schema.org\",\"@graph\":[{\"@type\":\"Article\",\"@id\":\"https:\/\/www.mundoagropecuario.cl\/new\/pugna-por-estado-de-animales-de-los-desalojados-del-embalse-punilla\/#article\",\"isPartOf\":{\"@id\":\"https:\/\/www.mundoagropecuario.cl\/new\/pugna-por-estado-de-animales-de-los-desalojados-del-embalse-punilla\/\"},\"author\":{\"name\":\"periodista\",\"@id\":\"https:\/\/www.mundoagropecuario.cl\/new\/#\/schema\/person\/0c221050801c74e45256a7a9a1ff0803\"},\"headline\":\"Pugna por estado de animales de los desalojados del embalse Punilla\",\"datePublished\":\"2019-01-18T05:39:53+00:00\",\"mainEntityOfPage\":{\"@id\":\"https:\/\/www.mundoagropecuario.cl\/new\/pugna-por-estado-de-animales-de-los-desalojados-del-embalse-punilla\/\"},\"wordCount\":855,\"publisher\":{\"@id\":\"https:\/\/www.mundoagropecuario.cl\/new\/#organization\"},\"image\":{\"@id\":\"https:\/\/www.mundoagropecuario.cl\/new\/pugna-por-estado-de-animales-de-los-desalojados-del-embalse-punilla\/#primaryimage\"},\"thumbnailUrl\":\"https:\/\/www.mundoagropecuario.cl\/new\/wp-content\/uploads\/2019\/01\/Punilla.jpg\",\"keywords\":[\"Astaldi\",\"embalse\",\"Ganado\",\"\u00d1uble\",\"Punilla\"],\"articleSection\":[\"Ganader\u00eda\"],\"inLanguage\":\"es\"},{\"@type\":\"WebPage\",\"@id\":\"https:\/\/www.mundoagropecuario.cl\/new\/pugna-por-estado-de-animales-de-los-desalojados-del-embalse-punilla\/\",\"url\":\"https:\/\/www.mundoagropecuario.cl\/new\/pugna-por-estado-de-animales-de-los-desalojados-del-embalse-punilla\/\",\"name\":\"Pugna por estado de animales de los desalojados del embalse Punilla - Mundoagropecuario\",\"isPartOf\":{\"@id\":\"https:\/\/www.mundoagropecuario.cl\/new\/#website\"},\"primaryImageOfPage\":{\"@id\":\"https:\/\/www.mundoagropecuario.cl\/new\/pugna-por-estado-de-animales-de-los-desalojados-del-embalse-punilla\/#primaryimage\"},\"image\":{\"@id\":\"https:\/\/www.mundoagropecuario.cl\/new\/pugna-por-estado-de-animales-de-los-desalojados-del-embalse-punilla\/#primaryimage\"},\"thumbnailUrl\":\"https:\/\/www.mundoagropecuario.cl\/new\/wp-content\/uploads\/2019\/01\/Punilla.jpg\",\"datePublished\":\"2019-01-18T05:39:53+00:00\",\"breadcrumb\":{\"@id\":\"https:\/\/www.mundoagropecuario.cl\/new\/pugna-por-estado-de-animales-de-los-desalojados-del-embalse-punilla\/#breadcrumb\"},\"inLanguage\":\"es\",\"potentialAction\":[{\"@type\":\"ReadAction\",\"target\":[\"https:\/\/www.mundoagropecuario.cl\/new\/pugna-por-estado-de-animales-de-los-desalojados-del-embalse-punilla\/\"]}]},{\"@type\":\"ImageObject\",\"inLanguage\":\"es\",\"@id\":\"https:\/\/www.mundoagropecuario.cl\/new\/pugna-por-estado-de-animales-de-los-desalojados-del-embalse-punilla\/#primaryimage\",\"url\":\"https:\/\/www.mundoagropecuario.cl\/new\/wp-content\/uploads\/2019\/01\/Punilla.jpg\",\"contentUrl\":\"https:\/\/www.mundoagropecuario.cl\/new\/wp-content\/uploads\/2019\/01\/Punilla.jpg\",\"width\":624,\"height\":354},{\"@type\":\"BreadcrumbList\",\"@id\":\"https:\/\/www.mundoagropecuario.cl\/new\/pugna-por-estado-de-animales-de-los-desalojados-del-embalse-punilla\/#breadcrumb\",\"itemListElement\":[{\"@type\":\"ListItem\",\"position\":1,\"name\":\"Portada\",\"item\":\"https:\/\/www.mundoagropecuario.cl\/new\/\"},{\"@type\":\"ListItem\",\"position\":2,\"name\":\"Pugna por estado de animales de los desalojados del embalse Punilla\"}]},{\"@type\":\"WebSite\",\"@id\":\"https:\/\/www.mundoagropecuario.cl\/new\/#website\",\"url\":\"https:\/\/www.mundoagropecuario.cl\/new\/\",\"name\":\"Mundoagropecuario\",\"description\":\"Mundo Agropecuario\",\"publisher\":{\"@id\":\"https:\/\/www.mundoagropecuario.cl\/new\/#organization\"},\"potentialAction\":[{\"@type\":\"SearchAction\",\"target\":{\"@type\":\"EntryPoint\",\"urlTemplate\":\"https:\/\/www.mundoagropecuario.cl\/new\/?s={search_term_string}\"},\"query-input\":{\"@type\":\"PropertyValueSpecification\",\"valueRequired\":true,\"valueName\":\"search_term_string\"}}],\"inLanguage\":\"es\"},{\"@type\":\"Organization\",\"@id\":\"https:\/\/www.mundoagropecuario.cl\/new\/#organization\",\"name\":\"Revista de Agricultura\",\"url\":\"https:\/\/www.mundoagropecuario.cl\/new\/\",\"logo\":{\"@type\":\"ImageObject\",\"inLanguage\":\"es\",\"@id\":\"https:\/\/www.mundoagropecuario.cl\/new\/#\/schema\/logo\/image\/\",\"url\":\"https:\/\/www.mundoagropecuario.cl\/new\/wp-content\/uploads\/2020\/11\/PORTAL-1-1.png\",\"contentUrl\":\"https:\/\/www.mundoagropecuario.cl\/new\/wp-content\/uploads\/2020\/11\/PORTAL-1-1.png\",\"width\":1026,\"height\":100,\"caption\":\"Revista de Agricultura\"},\"image\":{\"@id\":\"https:\/\/www.mundoagropecuario.cl\/new\/#\/schema\/logo\/image\/\"},\"sameAs\":[\"https:\/\/www.facebook.com\/mundo.agropecuario.3\",\"https:\/\/x.com\/MundoAgropecuar\",\"https:\/\/www.linkedin.com\/in\/mundo-agropecuario-934009201\/\"]},{\"@type\":\"Person\",\"@id\":\"https:\/\/www.mundoagropecuario.cl\/new\/#\/schema\/person\/0c221050801c74e45256a7a9a1ff0803\",\"name\":\"periodista\",\"url\":\"https:\/\/www.mundoagropecuario.cl\/new\/author\/periodista\/\"}]}<\/script>\n<!-- \/ Yoast SEO plugin. -->","yoast_head_json":{"title":"Pugna por estado de animales de los desalojados del embalse Punilla - Mundoagropecuario","robots":{"index":"index","follow":"follow","max-snippet":"max-snippet:-1","max-image-preview":"max-image-preview:large","max-video-preview":"max-video-preview:-1"},"canonical":"https:\/\/www.mundoagropecuario.cl\/new\/pugna-por-estado-de-animales-de-los-desalojados-del-embalse-punilla\/","og_locale":"es_ES","og_type":"article","og_title":"Pugna por estado de animales de los desalojados del embalse Punilla - Mundoagropecuario","og_description":"Afectados que mantienen ya por casi dos meses sus animales bajo custodia de Astaldi, concesionaria de las obras, acusan falta de cuidado y enfermedades en aves, vacas y terneros y...","og_url":"https:\/\/www.mundoagropecuario.cl\/new\/pugna-por-estado-de-animales-de-los-desalojados-del-embalse-punilla\/","og_site_name":"Mundoagropecuario","article_publisher":"https:\/\/www.facebook.com\/mundo.agropecuario.3","article_published_time":"2019-01-18T05:39:53+00:00","og_image":[{"width":624,"height":354,"url":"https:\/\/www.mundoagropecuario.cl\/new\/wp-content\/uploads\/2019\/01\/Punilla.jpg","type":"image\/jpeg"}],"author":"periodista","twitter_card":"summary_large_image","twitter_creator":"@MundoAgropecuar","twitter_site":"@MundoAgropecuar","twitter_misc":{"Escrito por":"periodista","Tiempo de lectura":"4 minutos"},"schema":{"@context":"https:\/\/schema.org","@graph":[{"@type":"Article","@id":"https:\/\/www.mundoagropecuario.cl\/new\/pugna-por-estado-de-animales-de-los-desalojados-del-embalse-punilla\/#article","isPartOf":{"@id":"https:\/\/www.mundoagropecuario.cl\/new\/pugna-por-estado-de-animales-de-los-desalojados-del-embalse-punilla\/"},"author":{"name":"periodista","@id":"https:\/\/www.mundoagropecuario.cl\/new\/#\/schema\/person\/0c221050801c74e45256a7a9a1ff0803"},"headline":"Pugna por estado de animales de los desalojados del embalse Punilla","datePublished":"2019-01-18T05:39:53+00:00","mainEntityOfPage":{"@id":"https:\/\/www.mundoagropecuario.cl\/new\/pugna-por-estado-de-animales-de-los-desalojados-del-embalse-punilla\/"},"wordCount":855,"publisher":{"@id":"https:\/\/www.mundoagropecuario.cl\/new\/#organization"},"image":{"@id":"https:\/\/www.mundoagropecuario.cl\/new\/pugna-por-estado-de-animales-de-los-desalojados-del-embalse-punilla\/#primaryimage"},"thumbnailUrl":"https:\/\/www.mundoagropecuario.cl\/new\/wp-content\/uploads\/2019\/01\/Punilla.jpg","keywords":["Astaldi","embalse","Ganado","\u00d1uble","Punilla"],"articleSection":["Ganader\u00eda"],"inLanguage":"es"},{"@type":"WebPage","@id":"https:\/\/www.mundoagropecuario.cl\/new\/pugna-por-estado-de-animales-de-los-desalojados-del-embalse-punilla\/","url":"https:\/\/www.mundoagropecuario.cl\/new\/pugna-por-estado-de-animales-de-los-desalojados-del-embalse-punilla\/","name":"Pugna por estado de animales de los desalojados del embalse Punilla - Mundoagropecuario","isPartOf":{"@id":"https:\/\/www.mundoagropecuario.cl\/new\/#website"},"primaryImageOfPage":{"@id":"https:\/\/www.mundoagropecuario.cl\/new\/pugna-por-estado-de-animales-de-los-desalojados-del-embalse-punilla\/#primaryimage"},"image":{"@id":"https:\/\/www.mundoagropecuario.cl\/new\/pugna-por-estado-de-animales-de-los-desalojados-del-embalse-punilla\/#primaryimage"},"thumbnailUrl":"https:\/\/www.mundoagropecuario.cl\/new\/wp-content\/uploads\/2019\/01\/Punilla.jpg","datePublished":"2019-01-18T05:39:53+00:00","breadcrumb":{"@id":"https:\/\/www.mundoagropecuario.cl\/new\/pugna-por-estado-de-animales-de-los-desalojados-del-embalse-punilla\/#breadcrumb"},"inLanguage":"es","potentialAction":[{"@type":"ReadAction","target":["https:\/\/www.mundoagropecuario.cl\/new\/pugna-por-estado-de-animales-de-los-desalojados-del-embalse-punilla\/"]}]},{"@type":"ImageObject","inLanguage":"es","@id":"https:\/\/www.mundoagropecuario.cl\/new\/pugna-por-estado-de-animales-de-los-desalojados-del-embalse-punilla\/#primaryimage","url":"https:\/\/www.mundoagropecuario.cl\/new\/wp-content\/uploads\/2019\/01\/Punilla.jpg","contentUrl":"https:\/\/www.mundoagropecuario.cl\/new\/wp-content\/uploads\/2019\/01\/Punilla.jpg","width":624,"height":354},{"@type":"BreadcrumbList","@id":"https:\/\/www.mundoagropecuario.cl\/new\/pugna-por-estado-de-animales-de-los-desalojados-del-embalse-punilla\/#breadcrumb","itemListElement":[{"@type":"ListItem","position":1,"name":"Portada","item":"https:\/\/www.mundoagropecuario.cl\/new\/"},{"@type":"ListItem","position":2,"name":"Pugna por estado de animales de los desalojados del embalse Punilla"}]},{"@type":"WebSite","@id":"https:\/\/www.mundoagropecuario.cl\/new\/#website","url":"https:\/\/www.mundoagropecuario.cl\/new\/","name":"Mundoagropecuario","description":"Mundo Agropecuario","publisher":{"@id":"https:\/\/www.mundoagropecuario.cl\/new\/#organization"},"potentialAction":[{"@type":"SearchAction","target":{"@type":"EntryPoint","urlTemplate":"https:\/\/www.mundoagropecuario.cl\/new\/?s={search_term_string}"},"query-input":{"@type":"PropertyValueSpecification","valueRequired":true,"valueName":"search_term_string"}}],"inLanguage":"es"},{"@type":"Organization","@id":"https:\/\/www.mundoagropecuario.cl\/new\/#organization","name":"Revista de Agricultura","url":"https:\/\/www.mundoagropecuario.cl\/new\/","logo":{"@type":"ImageObject","inLanguage":"es","@id":"https:\/\/www.mundoagropecuario.cl\/new\/#\/schema\/logo\/image\/","url":"https:\/\/www.mundoagropecuario.cl\/new\/wp-content\/uploads\/2020\/11\/PORTAL-1-1.png","contentUrl":"https:\/\/www.mundoagropecuario.cl\/new\/wp-content\/uploads\/2020\/11\/PORTAL-1-1.png","width":1026,"height":100,"caption":"Revista de Agricultura"},"image":{"@id":"https:\/\/www.mundoagropecuario.cl\/new\/#\/schema\/logo\/image\/"},"sameAs":["https:\/\/www.facebook.com\/mundo.agropecuario.3","https:\/\/x.com\/MundoAgropecuar","https:\/\/www.linkedin.com\/in\/mundo-agropecuario-934009201\/"]},{"@type":"Person","@id":"https:\/\/www.mundoagropecuario.cl\/new\/#\/schema\/person\/0c221050801c74e45256a7a9a1ff0803","name":"periodista","url":"https:\/\/www.mundoagropecuario.cl\/new\/author\/periodista\/"}]}},"_links":{"self":[{"href":"https:\/\/www.mundoagropecuario.cl\/new\/wp-json\/wp\/v2\/posts\/10424","targetHints":{"allow":["GET"]}}],"collection":[{"href":"https:\/\/www.mundoagropecuario.cl\/new\/wp-json\/wp\/v2\/posts"}],"about":[{"href":"https:\/\/www.mundoagropecuario.cl\/new\/wp-json\/wp\/v2\/types\/post"}],"author":[{"embeddable":true,"href":"https:\/\/www.mundoagropecuario.cl\/new\/wp-json\/wp\/v2\/users\/3"}],"replies":[{"embeddable":true,"href":"https:\/\/www.mundoagropecuario.cl\/new\/wp-json\/wp\/v2\/comments?post=10424"}],"version-history":[{"count":1,"href":"https:\/\/www.mundoagropecuario.cl\/new\/wp-json\/wp\/v2\/posts\/10424\/revisions"}],"predecessor-version":[{"id":10426,"href":"https:\/\/www.mundoagropecuario.cl\/new\/wp-json\/wp\/v2\/posts\/10424\/revisions\/10426"}],"wp:featuredmedia":[{"embeddable":true,"href":"https:\/\/www.mundoagropecuario.cl\/new\/wp-json\/wp\/v2\/media\/10425"}],"wp:attachment":[{"href":"https:\/\/www.mundoagropecuario.cl\/new\/wp-json\/wp\/v2\/media?parent=10424"}],"wp:term":[{"taxonomy":"category","embeddable":true,"href":"https:\/\/www.mundoagropecuario.cl\/new\/wp-json\/wp\/v2\/categories?post=10424"},{"taxonomy":"post_tag","embeddable":true,"href":"https:\/\/www.mundoagropecuario.cl\/new\/wp-json\/wp\/v2\/tags?post=10424"}],"curies":[{"name":"wp","href":"https:\/\/api.w.org\/{rel}","templated":true}]}}