{"id":10355,"date":"2019-01-15T02:58:13","date_gmt":"2019-01-15T05:58:13","guid":{"rendered":"http:\/\/www.mundoagropecuario.cl\/new\/?p=10355"},"modified":"2019-01-16T01:18:45","modified_gmt":"2019-01-16T04:18:45","slug":"colun-compra-terreno-en-san-bernardo-para-construir-centro-de-distribucion","status":"publish","type":"post","link":"https:\/\/www.mundoagropecuario.cl\/new\/colun-compra-terreno-en-san-bernardo-para-construir-centro-de-distribucion\/","title":{"rendered":"Colun compra terreno en San Bernardo para construir centro de distribuci\u00f3n"},"content":{"rendered":"<blockquote><p><em>Est\u00e1 ubicado al lado de las instalaciones de Watt\u00b4s. Centro log\u00edstico estar\u00e1 emplazado en la intersecci\u00f3n de Autopista Central con el ramal Vel\u00e1squez (Pulso-La Tercera).<\/em><\/p><\/blockquote>\n<p>Un nuevo centro de distribuci\u00f3n construir\u00e1 en Santiago la Cooperativa Agr\u00edcola y Lechera de La Uni\u00f3n, m\u00e1s conocida como Colun. El recinto permitir\u00e1 distribuir de forma m\u00e1s r\u00e1pido los productos adquiridos por sus clientes en la capital.<\/p>\n<p>Para concretar su nuevo complejo log\u00edstico, Colun compr\u00f3 a fines de diciembre del a\u00f1o pasado un terreno de 32.000 metros cuadrados, ubicado en la comuna de San Bernardo, concretamente en la intersecci\u00f3n de la Autopista Central con el ramal General Vel\u00e1squez. Se trata de un pa\u00f1o aleda\u00f1o a la planta que la empresa de alimentos Watt\u2019s tiene en esa comuna.<\/p>\n<p>La cooperativa desembols\u00f3 casi US$11 millones para la compra de este terreno, cuya venta estuvo a cargo de Colliers International.<\/p>\n<p>Actualmente, Colun cuenta con un centro log\u00edstico y de oficinas en la zona norte de la capital, en Lampa. Aunque dentro de los planes de la cooperativa no est\u00e1 tener dos centros de distribuci\u00f3n en Santiago, sino solo uno pero con una mejor ubicaci\u00f3n.<\/p>\n<p>As\u00ed, lo se\u00f1ala su actual presidente, Augusto Grob, al ser consultado por PULSO acerca de la reciente compra del terreno. \u201cQueremos ubicarnos mejor respecto del centro de distribuci\u00f3n que tenemos ahora en Santiago, para atender mejor nuestro comercio de Santiago\u201d, dice.<\/p>\n<p>En ese sentido, el presidente de Colun cuenta que \u201ceste centro de distribuci\u00f3n reemplazar\u00eda al que tenemos\u201d y agrega que \u201cuna vez que terminemos el nuevo, nos vamos a demorar un buen tiempo en construir el nuevo, veremos que hacer con el otro\u201d, se\u00f1ala.<\/p>\n<p>Grob detalla que el nuevo centro de distribuci\u00f3n, adem\u00e1s de tener una mejor ubicaci\u00f3n, ser\u00e1 m\u00e1s grande que el que est\u00e1n operando actualmente. Consultado sobre si est\u00e1 en los planes de Col\u00fan comenzar este a\u00f1o su construcci\u00f3n, indica que a\u00fan est\u00e1n haciendo las evaluaciones del terreno. \u201cEstamos partiendo con la arquitectura, estudios de suelo, y tenemos para rato ah\u00ed\u201d, comenta.<\/p>\n<p><strong>Vecino complicado<\/strong><\/p>\n<p>La semana pasada, en su primera sesi\u00f3n del a\u00f1o, el Consejo para la Transparencia acogi\u00f3 parcialmente un amparo presentado por Watt\u2019s en contra de la Subsecretar\u00eda de Econom\u00eda, ordenando la entrega de la memoria de Colun, omitiendo informaci\u00f3n de car\u00e1cter comercial y datos personales que est\u00e9n consignados en el documento.<\/p>\n<p>La solicitud de informaci\u00f3n presentada ante la Subsecretar\u00eda de Econom\u00eda el 26 de junio del a\u00f1o pasado inclu\u00eda tanto la memoria como los estados financieros de Colun, pero durante el proceso se evidenci\u00f3 que estos \u00faltimos estaban disponibles en la p\u00e1gina web de la entidad.<\/p>\n<p>Con posterioridad y dado que el organismo p\u00fablico deneg\u00f3 la informaci\u00f3n sobre la memoria, Watt\u2019s decidi\u00f3 presentar un amparo ante el Consejo para la Transparencia en septiembre del mismo a\u00f1o.<\/p>\n<p>Eso s\u00ed, la resoluci\u00f3n del CPLT solicita tarjar entre otros contenidos los relativos a las ventas netas y desglosadas por agencias, exportaciones, niveles de recolecci\u00f3n o recepci\u00f3n, cantidad de estanques y porcentaje de leche que reciben las plantas de procesamiento de la empresa, temas de investigaci\u00f3n agraria, entre otros<\/p>\n<p>Tras conocer el contenido de la memoria, Watt\u2019s coment\u00f3 que \u201cse demuestra que, ya sea en forma directa o a trav\u00e9s de otras sociedades, 50 asociados muy grandes, que representan un 7% de los cooperados de Colun, reciben la mitad de sus utilidades, estando cada uno exentos de pagar impuestos al recibirlas\u201d.<\/p>\n<p>&nbsp;<\/p>\n<p>&nbsp;<\/p>\n","protected":false},"excerpt":{"rendered":"<p>Est\u00e1 ubicado al lado de las instalaciones de Watt\u00b4s. Centro log\u00edstico estar\u00e1 emplazado en la intersecci\u00f3n de Autopista Central con el ramal Vel\u00e1squez (Pulso-La Tercera). Un nuevo centro de distribuci\u00f3n&#8230;<\/p>\n","protected":false},"author":3,"featured_media":7930,"comment_status":"closed","ping_status":"closed","sticky":false,"template":"","format":"standard","meta":{"footnotes":""},"categories":[1946],"tags":[3202,2034],"class_list":["post-10355","post","type-post","status-publish","format-standard","has-post-thumbnail","hentry","category-lacteos","tag-centro-distribucion","tag-colun"],"yoast_head":"<!-- This site is optimized with the Yoast SEO plugin v26.6 - https:\/\/yoast.com\/wordpress\/plugins\/seo\/ -->\n<title>Colun compra terreno en San Bernardo para construir centro de distribuci\u00f3n - Mundoagropecuario<\/title>\n<meta name=\"robots\" content=\"index, follow, max-snippet:-1, max-image-preview:large, max-video-preview:-1\" \/>\n<link rel=\"canonical\" href=\"https:\/\/www.mundoagropecuario.cl\/new\/colun-compra-terreno-en-san-bernardo-para-construir-centro-de-distribucion\/\" \/>\n<meta property=\"og:locale\" content=\"es_ES\" \/>\n<meta property=\"og:type\" content=\"article\" \/>\n<meta property=\"og:title\" content=\"Colun compra terreno en San Bernardo para construir centro de distribuci\u00f3n - Mundoagropecuario\" \/>\n<meta property=\"og:description\" content=\"Est\u00e1 ubicado al lado de las instalaciones de Watt\u00b4s. Centro log\u00edstico estar\u00e1 emplazado en la intersecci\u00f3n de Autopista Central con el ramal Vel\u00e1squez (Pulso-La Tercera). Un nuevo centro de distribuci\u00f3n...\" \/>\n<meta property=\"og:url\" content=\"https:\/\/www.mundoagropecuario.cl\/new\/colun-compra-terreno-en-san-bernardo-para-construir-centro-de-distribucion\/\" \/>\n<meta property=\"og:site_name\" content=\"Mundoagropecuario\" \/>\n<meta property=\"article:publisher\" content=\"https:\/\/www.facebook.com\/mundo.agropecuario.3\" \/>\n<meta property=\"article:published_time\" content=\"2019-01-15T05:58:13+00:00\" \/>\n<meta property=\"article:modified_time\" content=\"2019-01-16T04:18:45+00:00\" \/>\n<meta property=\"og:image\" content=\"https:\/\/www.mundoagropecuario.cl\/new\/wp-content\/uploads\/2018\/08\/colun.jpg\" \/>\n\t<meta property=\"og:image:width\" content=\"1024\" \/>\n\t<meta property=\"og:image:height\" content=\"683\" \/>\n\t<meta property=\"og:image:type\" content=\"image\/jpeg\" \/>\n<meta name=\"author\" content=\"periodista\" \/>\n<meta name=\"twitter:card\" content=\"summary_large_image\" \/>\n<meta name=\"twitter:creator\" content=\"@MundoAgropecuar\" \/>\n<meta name=\"twitter:site\" content=\"@MundoAgropecuar\" \/>\n<meta name=\"twitter:label1\" content=\"Escrito por\" \/>\n\t<meta name=\"twitter:data1\" content=\"periodista\" \/>\n\t<meta name=\"twitter:label2\" content=\"Tiempo de lectura\" \/>\n\t<meta name=\"twitter:data2\" content=\"3 minutos\" \/>\n<script type=\"application\/ld+json\" class=\"yoast-schema-graph\">{\"@context\":\"https:\/\/schema.org\",\"@graph\":[{\"@type\":\"Article\",\"@id\":\"https:\/\/www.mundoagropecuario.cl\/new\/colun-compra-terreno-en-san-bernardo-para-construir-centro-de-distribucion\/#article\",\"isPartOf\":{\"@id\":\"https:\/\/www.mundoagropecuario.cl\/new\/colun-compra-terreno-en-san-bernardo-para-construir-centro-de-distribucion\/\"},\"author\":{\"name\":\"periodista\",\"@id\":\"https:\/\/www.mundoagropecuario.cl\/new\/#\/schema\/person\/0c221050801c74e45256a7a9a1ff0803\"},\"headline\":\"Colun compra terreno en San Bernardo para construir centro de distribuci\u00f3n\",\"datePublished\":\"2019-01-15T05:58:13+00:00\",\"dateModified\":\"2019-01-16T04:18:45+00:00\",\"mainEntityOfPage\":{\"@id\":\"https:\/\/www.mundoagropecuario.cl\/new\/colun-compra-terreno-en-san-bernardo-para-construir-centro-de-distribucion\/\"},\"wordCount\":628,\"publisher\":{\"@id\":\"https:\/\/www.mundoagropecuario.cl\/new\/#organization\"},\"image\":{\"@id\":\"https:\/\/www.mundoagropecuario.cl\/new\/colun-compra-terreno-en-san-bernardo-para-construir-centro-de-distribucion\/#primaryimage\"},\"thumbnailUrl\":\"https:\/\/www.mundoagropecuario.cl\/new\/wp-content\/uploads\/2018\/08\/colun.jpg\",\"keywords\":[\"centro distribuci\u00f3n\",\"Colun\"],\"articleSection\":[\"L\u00e1cteos\"],\"inLanguage\":\"es\"},{\"@type\":\"WebPage\",\"@id\":\"https:\/\/www.mundoagropecuario.cl\/new\/colun-compra-terreno-en-san-bernardo-para-construir-centro-de-distribucion\/\",\"url\":\"https:\/\/www.mundoagropecuario.cl\/new\/colun-compra-terreno-en-san-bernardo-para-construir-centro-de-distribucion\/\",\"name\":\"Colun compra terreno en San Bernardo para construir centro de distribuci\u00f3n - Mundoagropecuario\",\"isPartOf\":{\"@id\":\"https:\/\/www.mundoagropecuario.cl\/new\/#website\"},\"primaryImageOfPage\":{\"@id\":\"https:\/\/www.mundoagropecuario.cl\/new\/colun-compra-terreno-en-san-bernardo-para-construir-centro-de-distribucion\/#primaryimage\"},\"image\":{\"@id\":\"https:\/\/www.mundoagropecuario.cl\/new\/colun-compra-terreno-en-san-bernardo-para-construir-centro-de-distribucion\/#primaryimage\"},\"thumbnailUrl\":\"https:\/\/www.mundoagropecuario.cl\/new\/wp-content\/uploads\/2018\/08\/colun.jpg\",\"datePublished\":\"2019-01-15T05:58:13+00:00\",\"dateModified\":\"2019-01-16T04:18:45+00:00\",\"breadcrumb\":{\"@id\":\"https:\/\/www.mundoagropecuario.cl\/new\/colun-compra-terreno-en-san-bernardo-para-construir-centro-de-distribucion\/#breadcrumb\"},\"inLanguage\":\"es\",\"potentialAction\":[{\"@type\":\"ReadAction\",\"target\":[\"https:\/\/www.mundoagropecuario.cl\/new\/colun-compra-terreno-en-san-bernardo-para-construir-centro-de-distribucion\/\"]}]},{\"@type\":\"ImageObject\",\"inLanguage\":\"es\",\"@id\":\"https:\/\/www.mundoagropecuario.cl\/new\/colun-compra-terreno-en-san-bernardo-para-construir-centro-de-distribucion\/#primaryimage\",\"url\":\"https:\/\/www.mundoagropecuario.cl\/new\/wp-content\/uploads\/2018\/08\/colun.jpg\",\"contentUrl\":\"https:\/\/www.mundoagropecuario.cl\/new\/wp-content\/uploads\/2018\/08\/colun.jpg\",\"width\":600,\"height\":400},{\"@type\":\"BreadcrumbList\",\"@id\":\"https:\/\/www.mundoagropecuario.cl\/new\/colun-compra-terreno-en-san-bernardo-para-construir-centro-de-distribucion\/#breadcrumb\",\"itemListElement\":[{\"@type\":\"ListItem\",\"position\":1,\"name\":\"Portada\",\"item\":\"https:\/\/www.mundoagropecuario.cl\/new\/\"},{\"@type\":\"ListItem\",\"position\":2,\"name\":\"Colun compra terreno en San Bernardo para construir centro de distribuci\u00f3n\"}]},{\"@type\":\"WebSite\",\"@id\":\"https:\/\/www.mundoagropecuario.cl\/new\/#website\",\"url\":\"https:\/\/www.mundoagropecuario.cl\/new\/\",\"name\":\"Mundoagropecuario\",\"description\":\"Mundo Agropecuario\",\"publisher\":{\"@id\":\"https:\/\/www.mundoagropecuario.cl\/new\/#organization\"},\"potentialAction\":[{\"@type\":\"SearchAction\",\"target\":{\"@type\":\"EntryPoint\",\"urlTemplate\":\"https:\/\/www.mundoagropecuario.cl\/new\/?s={search_term_string}\"},\"query-input\":{\"@type\":\"PropertyValueSpecification\",\"valueRequired\":true,\"valueName\":\"search_term_string\"}}],\"inLanguage\":\"es\"},{\"@type\":\"Organization\",\"@id\":\"https:\/\/www.mundoagropecuario.cl\/new\/#organization\",\"name\":\"Revista de Agricultura\",\"url\":\"https:\/\/www.mundoagropecuario.cl\/new\/\",\"logo\":{\"@type\":\"ImageObject\",\"inLanguage\":\"es\",\"@id\":\"https:\/\/www.mundoagropecuario.cl\/new\/#\/schema\/logo\/image\/\",\"url\":\"https:\/\/www.mundoagropecuario.cl\/new\/wp-content\/uploads\/2020\/11\/PORTAL-1-1.png\",\"contentUrl\":\"https:\/\/www.mundoagropecuario.cl\/new\/wp-content\/uploads\/2020\/11\/PORTAL-1-1.png\",\"width\":1026,\"height\":100,\"caption\":\"Revista de Agricultura\"},\"image\":{\"@id\":\"https:\/\/www.mundoagropecuario.cl\/new\/#\/schema\/logo\/image\/\"},\"sameAs\":[\"https:\/\/www.facebook.com\/mundo.agropecuario.3\",\"https:\/\/x.com\/MundoAgropecuar\",\"https:\/\/www.linkedin.com\/in\/mundo-agropecuario-934009201\/\"]},{\"@type\":\"Person\",\"@id\":\"https:\/\/www.mundoagropecuario.cl\/new\/#\/schema\/person\/0c221050801c74e45256a7a9a1ff0803\",\"name\":\"periodista\",\"url\":\"https:\/\/www.mundoagropecuario.cl\/new\/author\/periodista\/\"}]}<\/script>\n<!-- \/ Yoast SEO plugin. -->","yoast_head_json":{"title":"Colun compra terreno en San Bernardo para construir centro de distribuci\u00f3n - Mundoagropecuario","robots":{"index":"index","follow":"follow","max-snippet":"max-snippet:-1","max-image-preview":"max-image-preview:large","max-video-preview":"max-video-preview:-1"},"canonical":"https:\/\/www.mundoagropecuario.cl\/new\/colun-compra-terreno-en-san-bernardo-para-construir-centro-de-distribucion\/","og_locale":"es_ES","og_type":"article","og_title":"Colun compra terreno en San Bernardo para construir centro de distribuci\u00f3n - Mundoagropecuario","og_description":"Est\u00e1 ubicado al lado de las instalaciones de Watt\u00b4s. Centro log\u00edstico estar\u00e1 emplazado en la intersecci\u00f3n de Autopista Central con el ramal Vel\u00e1squez (Pulso-La Tercera). Un nuevo centro de distribuci\u00f3n...","og_url":"https:\/\/www.mundoagropecuario.cl\/new\/colun-compra-terreno-en-san-bernardo-para-construir-centro-de-distribucion\/","og_site_name":"Mundoagropecuario","article_publisher":"https:\/\/www.facebook.com\/mundo.agropecuario.3","article_published_time":"2019-01-15T05:58:13+00:00","article_modified_time":"2019-01-16T04:18:45+00:00","og_image":[{"width":1024,"height":683,"url":"https:\/\/www.mundoagropecuario.cl\/new\/wp-content\/uploads\/2018\/08\/colun.jpg","type":"image\/jpeg"}],"author":"periodista","twitter_card":"summary_large_image","twitter_creator":"@MundoAgropecuar","twitter_site":"@MundoAgropecuar","twitter_misc":{"Escrito por":"periodista","Tiempo de lectura":"3 minutos"},"schema":{"@context":"https:\/\/schema.org","@graph":[{"@type":"Article","@id":"https:\/\/www.mundoagropecuario.cl\/new\/colun-compra-terreno-en-san-bernardo-para-construir-centro-de-distribucion\/#article","isPartOf":{"@id":"https:\/\/www.mundoagropecuario.cl\/new\/colun-compra-terreno-en-san-bernardo-para-construir-centro-de-distribucion\/"},"author":{"name":"periodista","@id":"https:\/\/www.mundoagropecuario.cl\/new\/#\/schema\/person\/0c221050801c74e45256a7a9a1ff0803"},"headline":"Colun compra terreno en San Bernardo para construir centro de distribuci\u00f3n","datePublished":"2019-01-15T05:58:13+00:00","dateModified":"2019-01-16T04:18:45+00:00","mainEntityOfPage":{"@id":"https:\/\/www.mundoagropecuario.cl\/new\/colun-compra-terreno-en-san-bernardo-para-construir-centro-de-distribucion\/"},"wordCount":628,"publisher":{"@id":"https:\/\/www.mundoagropecuario.cl\/new\/#organization"},"image":{"@id":"https:\/\/www.mundoagropecuario.cl\/new\/colun-compra-terreno-en-san-bernardo-para-construir-centro-de-distribucion\/#primaryimage"},"thumbnailUrl":"https:\/\/www.mundoagropecuario.cl\/new\/wp-content\/uploads\/2018\/08\/colun.jpg","keywords":["centro distribuci\u00f3n","Colun"],"articleSection":["L\u00e1cteos"],"inLanguage":"es"},{"@type":"WebPage","@id":"https:\/\/www.mundoagropecuario.cl\/new\/colun-compra-terreno-en-san-bernardo-para-construir-centro-de-distribucion\/","url":"https:\/\/www.mundoagropecuario.cl\/new\/colun-compra-terreno-en-san-bernardo-para-construir-centro-de-distribucion\/","name":"Colun compra terreno en San Bernardo para construir centro de distribuci\u00f3n - Mundoagropecuario","isPartOf":{"@id":"https:\/\/www.mundoagropecuario.cl\/new\/#website"},"primaryImageOfPage":{"@id":"https:\/\/www.mundoagropecuario.cl\/new\/colun-compra-terreno-en-san-bernardo-para-construir-centro-de-distribucion\/#primaryimage"},"image":{"@id":"https:\/\/www.mundoagropecuario.cl\/new\/colun-compra-terreno-en-san-bernardo-para-construir-centro-de-distribucion\/#primaryimage"},"thumbnailUrl":"https:\/\/www.mundoagropecuario.cl\/new\/wp-content\/uploads\/2018\/08\/colun.jpg","datePublished":"2019-01-15T05:58:13+00:00","dateModified":"2019-01-16T04:18:45+00:00","breadcrumb":{"@id":"https:\/\/www.mundoagropecuario.cl\/new\/colun-compra-terreno-en-san-bernardo-para-construir-centro-de-distribucion\/#breadcrumb"},"inLanguage":"es","potentialAction":[{"@type":"ReadAction","target":["https:\/\/www.mundoagropecuario.cl\/new\/colun-compra-terreno-en-san-bernardo-para-construir-centro-de-distribucion\/"]}]},{"@type":"ImageObject","inLanguage":"es","@id":"https:\/\/www.mundoagropecuario.cl\/new\/colun-compra-terreno-en-san-bernardo-para-construir-centro-de-distribucion\/#primaryimage","url":"https:\/\/www.mundoagropecuario.cl\/new\/wp-content\/uploads\/2018\/08\/colun.jpg","contentUrl":"https:\/\/www.mundoagropecuario.cl\/new\/wp-content\/uploads\/2018\/08\/colun.jpg","width":600,"height":400},{"@type":"BreadcrumbList","@id":"https:\/\/www.mundoagropecuario.cl\/new\/colun-compra-terreno-en-san-bernardo-para-construir-centro-de-distribucion\/#breadcrumb","itemListElement":[{"@type":"ListItem","position":1,"name":"Portada","item":"https:\/\/www.mundoagropecuario.cl\/new\/"},{"@type":"ListItem","position":2,"name":"Colun compra terreno en San Bernardo para construir centro de distribuci\u00f3n"}]},{"@type":"WebSite","@id":"https:\/\/www.mundoagropecuario.cl\/new\/#website","url":"https:\/\/www.mundoagropecuario.cl\/new\/","name":"Mundoagropecuario","description":"Mundo Agropecuario","publisher":{"@id":"https:\/\/www.mundoagropecuario.cl\/new\/#organization"},"potentialAction":[{"@type":"SearchAction","target":{"@type":"EntryPoint","urlTemplate":"https:\/\/www.mundoagropecuario.cl\/new\/?s={search_term_string}"},"query-input":{"@type":"PropertyValueSpecification","valueRequired":true,"valueName":"search_term_string"}}],"inLanguage":"es"},{"@type":"Organization","@id":"https:\/\/www.mundoagropecuario.cl\/new\/#organization","name":"Revista de Agricultura","url":"https:\/\/www.mundoagropecuario.cl\/new\/","logo":{"@type":"ImageObject","inLanguage":"es","@id":"https:\/\/www.mundoagropecuario.cl\/new\/#\/schema\/logo\/image\/","url":"https:\/\/www.mundoagropecuario.cl\/new\/wp-content\/uploads\/2020\/11\/PORTAL-1-1.png","contentUrl":"https:\/\/www.mundoagropecuario.cl\/new\/wp-content\/uploads\/2020\/11\/PORTAL-1-1.png","width":1026,"height":100,"caption":"Revista de Agricultura"},"image":{"@id":"https:\/\/www.mundoagropecuario.cl\/new\/#\/schema\/logo\/image\/"},"sameAs":["https:\/\/www.facebook.com\/mundo.agropecuario.3","https:\/\/x.com\/MundoAgropecuar","https:\/\/www.linkedin.com\/in\/mundo-agropecuario-934009201\/"]},{"@type":"Person","@id":"https:\/\/www.mundoagropecuario.cl\/new\/#\/schema\/person\/0c221050801c74e45256a7a9a1ff0803","name":"periodista","url":"https:\/\/www.mundoagropecuario.cl\/new\/author\/periodista\/"}]}},"_links":{"self":[{"href":"https:\/\/www.mundoagropecuario.cl\/new\/wp-json\/wp\/v2\/posts\/10355","targetHints":{"allow":["GET"]}}],"collection":[{"href":"https:\/\/www.mundoagropecuario.cl\/new\/wp-json\/wp\/v2\/posts"}],"about":[{"href":"https:\/\/www.mundoagropecuario.cl\/new\/wp-json\/wp\/v2\/types\/post"}],"author":[{"embeddable":true,"href":"https:\/\/www.mundoagropecuario.cl\/new\/wp-json\/wp\/v2\/users\/3"}],"replies":[{"embeddable":true,"href":"https:\/\/www.mundoagropecuario.cl\/new\/wp-json\/wp\/v2\/comments?post=10355"}],"version-history":[{"count":1,"href":"https:\/\/www.mundoagropecuario.cl\/new\/wp-json\/wp\/v2\/posts\/10355\/revisions"}],"predecessor-version":[{"id":10356,"href":"https:\/\/www.mundoagropecuario.cl\/new\/wp-json\/wp\/v2\/posts\/10355\/revisions\/10356"}],"wp:featuredmedia":[{"embeddable":true,"href":"https:\/\/www.mundoagropecuario.cl\/new\/wp-json\/wp\/v2\/media\/7930"}],"wp:attachment":[{"href":"https:\/\/www.mundoagropecuario.cl\/new\/wp-json\/wp\/v2\/media?parent=10355"}],"wp:term":[{"taxonomy":"category","embeddable":true,"href":"https:\/\/www.mundoagropecuario.cl\/new\/wp-json\/wp\/v2\/categories?post=10355"},{"taxonomy":"post_tag","embeddable":true,"href":"https:\/\/www.mundoagropecuario.cl\/new\/wp-json\/wp\/v2\/tags?post=10355"}],"curies":[{"name":"wp","href":"https:\/\/api.w.org\/{rel}","templated":true}]}}