{"id":10330,"date":"2019-01-14T01:34:40","date_gmt":"2019-01-14T04:34:40","guid":{"rendered":"http:\/\/www.mundoagropecuario.cl\/new\/?p=10330"},"modified":"2019-01-16T01:25:37","modified_gmt":"2019-01-16T04:25:37","slug":"destacan-programa-de-papa-gore-inia-como-ejemplo-virtuoso-de-colaboracion-publico-privada","status":"publish","type":"post","link":"https:\/\/www.mundoagropecuario.cl\/new\/destacan-programa-de-papa-gore-inia-como-ejemplo-virtuoso-de-colaboracion-publico-privada\/","title":{"rendered":"Destacan programa de papa GORE-INIA como ejemplo virtuoso de colaboraci\u00f3n p\u00fablico privada"},"content":{"rendered":"<blockquote><p><em>Director nacional de INIA enfatiz\u00f3 los alcances del programa GORE-INIA \u201cInnovaci\u00f3n tecnol\u00f3gica aplicada a procesos productivos del Centro Regional de la Papa, para el fortalecimiento de la competitividad del territorio costero de la Regi\u00f3n de La Araucan\u00eda\u201d (Mundo Agropecuario-INIA).<\/em><\/p><\/blockquote>\n<p>Como un ejemplo virtuoso de colaboraci\u00f3n p\u00fablico privada calific\u00f3 el director nacional de INIA, Pedro Bustos, el trabajo que se desarrolla en el Centro Experimental Tranapuente, gracias a una inversi\u00f3n millonaria del Gobierno Regional. Se trata del programa GORE-INIA \u201cInnovaci\u00f3n tecnol\u00f3gica aplicada a procesos productivos del Centro Regional de la Papa, para el fortalecimiento de la competitividad del territorio costero de la Regi\u00f3n de La Araucan\u00eda\u201d y que es ejecutado por INIA Carillanca, junto a los municipios que conforman el Convenio Tranapuente.<\/p>\n<p>En este contexto la autoridad de INIA, junto a la subdirectora de Investigaci\u00f3n y Desarrollo Marta Alfaro; la directora regional del Centro Regional Carillanca, Elizabeth Kehr; el jefe nacional de Producci\u00f3n y Comercializaci\u00f3n de Insumos Tecnol\u00f3gicos, Enrique Stange y profesionales que trabajan en el programa, visitaron Tranapuente con el objeto de conocer en terreno los avances y desaf\u00edos que demanda esta importante iniciativa. En esta participan los municipios de Carahue, Saavedra, Teodoro Schmidt, Freire y Gorbea, SAG e INDAP\u00a0\u00a0 orientados a implementar un nuevo esquema de producci\u00f3n de papa semilla en el territorio costero de la regi\u00f3n.<\/p>\n<p>El objetivo central del programa es asegurar la disponibilidad de papa semilla de calidad resguardando la producci\u00f3n de papa de guarda y papa primor, es decir un producto de calidad con est\u00e1ndares de exportaci\u00f3n.\u00a0 En este sentido, el programa ha implementado un sistema de producci\u00f3n en La Araucan\u00eda, que permita asegurar la calidad de la semilla producida, para ello se establecer\u00e1n semilleros entrenando a los multiplicadores e incorporando la transferencia de semilla de calidad desde multiplicadores a municipios e INDAP. Tambi\u00e9n considera capacitar a productores de papa y equipos t\u00e9cnicos.<\/p>\n<p>\u201cEstoy en la regi\u00f3n acompa\u00f1ando a la Subdirectora de Investigaci\u00f3n, con el inter\u00e9s de conocer lo que se ha hecho en Tranapuente en el rubro papa. Un programa ambicioso de colaboraci\u00f3n p\u00fablico privada que involucra m\u00e1s de 1000 millones de pesos, la alianza con municipalidades y capacitaci\u00f3n a los agricultores. Sabemos que la papa siempre ha sido un rubro importante para los peque\u00f1os productores de la regi\u00f3n, quienes han tenido que enfrentar la dificultad de las virosis y enfermedades en sus cultivos, por lo tanto, la apuesta de INIA es entregar material sano. Sin duda que el objetivo es ambicioso, ya que tenemos que abastecer muchas hect\u00e1reas y poner en mano de los agricultores semilla que les permita subir su rendimiento y mejorar su calidad de vida. Estamos hablando de una cadena tecnol\u00f3gica virtuosa, que finalmente permitir\u00e1 obtener papa sana y aumentar los rendimientos. Un ejemplo llamativo de esto es lo que hoy sucede con productoras de Punta Arenas y Puerto Williams, quienes pasaron de 15 toneladas por hect\u00e1rea a 45 toneladas por hect\u00e1rea, usando semilla certificada. Sin duda un cambio en la calidad de vida, pues aumentan rendimiento y el margen de producci\u00f3n al introducir un paquete tecnol\u00f3gico\u201d, coment\u00f3 Pedro Bustos.<\/p>\n<p>Durante la visita, los directivos visitaron un moderno invernadero, \u00fanico en la regi\u00f3n por su alta tecnolog\u00eda, donde observaron la producci\u00f3n de minitub\u00e9rculos en condiciones \u00f3ptimas, muy distintas a lo realizado el a\u00f1o pasado, donde a pesar de las limitaciones se logr\u00f3 producir 160 mil minitub\u00e9rculos. Hoy, gracias al programa GORE-INIA se cuenta con invernaderos automatizados y climatizados de alto est\u00e1ndar tecnol\u00f3gico.\u00a0 Instalaciones que no solo pueden ser usadas en papa, sino que en hortalizas y frutales, lo que de alguna forma habla del potencial de la zona.<\/p>\n<p>\u201cApostar por la innovaci\u00f3n tecnol\u00f3gica al cultivo de papa, significa aumentar la producci\u00f3n promedio de la regi\u00f3n, que est\u00e1 muy por debajo de su potencial, considerando las condiciones que presenta el territorio en cuanto a clima y suelo, aspectos privilegiados para el cultivo. Necesitamos contar con semilla de calidad para los productores. Aqu\u00ed gana la peque\u00f1a agricultura, quienes tendr\u00e1n mayor rentabilidad de sus cultivos y por extensi\u00f3n mejorar\u00e1n su calidad de vida\u201d, dijo Pedro Bustos, Director Nacional de INIA.<\/p>\n<p>En el Centro Experimental Tranapuente de INIA tambi\u00e9n hay en ensayos y cultivos de avena, trigo, poroto y vides, este \u00faltimo probando el potencial de algunas variedades en esta zona costera de La Araucan\u00eda.<\/p>\n<p>Finalmente, el Director Nacional, junto al equipo de trabajo de INIA, analiz\u00f3 la importancia de seguir avanzando en el rubro papa con una mirada de macrozona, considerando que INIA tiene investigaciones en este cultivo en distintas partes de Chile: Punta Arenas, Osorno, Carahue, Ca\u00f1ete, entre otros.<\/p>\n<p>&nbsp;<\/p>\n<p>&nbsp;<\/p>\n<p>&nbsp;<\/p>\n<p>&nbsp;<\/p>\n<p>&nbsp;<\/p>\n","protected":false},"excerpt":{"rendered":"<p>Director nacional de INIA enfatiz\u00f3 los alcances del programa GORE-INIA \u201cInnovaci\u00f3n tecnol\u00f3gica aplicada a procesos productivos del Centro Regional de la Papa, para el fortalecimiento de la competitividad del territorio&#8230;<\/p>\n","protected":false},"author":3,"featured_media":10331,"comment_status":"closed","ping_status":"closed","sticky":false,"template":"","format":"standard","meta":{"footnotes":""},"categories":[1987],"tags":[3188,3187,2404,2234],"class_list":["post-10330","post","type-post","status-publish","format-standard","has-post-thumbnail","hentry","category-instituciones","tag-centro-experimental-tranapuente","tag-gore-araucania","tag-inia-carillanca","tag-papa"],"yoast_head":"<!-- This site is optimized with the Yoast SEO plugin v26.6 - https:\/\/yoast.com\/wordpress\/plugins\/seo\/ -->\n<title>Destacan programa de papa GORE-INIA como ejemplo virtuoso de colaboraci\u00f3n p\u00fablico privada - Mundoagropecuario<\/title>\n<meta name=\"robots\" content=\"index, follow, max-snippet:-1, max-image-preview:large, max-video-preview:-1\" \/>\n<link rel=\"canonical\" href=\"https:\/\/www.mundoagropecuario.cl\/new\/destacan-programa-de-papa-gore-inia-como-ejemplo-virtuoso-de-colaboracion-publico-privada\/\" \/>\n<meta property=\"og:locale\" content=\"es_ES\" \/>\n<meta property=\"og:type\" content=\"article\" \/>\n<meta property=\"og:title\" content=\"Destacan programa de papa GORE-INIA como ejemplo virtuoso de colaboraci\u00f3n p\u00fablico privada - Mundoagropecuario\" \/>\n<meta property=\"og:description\" content=\"Director nacional de INIA enfatiz\u00f3 los alcances del programa GORE-INIA \u201cInnovaci\u00f3n tecnol\u00f3gica aplicada a procesos productivos del Centro Regional de la Papa, para el fortalecimiento de la competitividad del territorio...\" \/>\n<meta property=\"og:url\" content=\"https:\/\/www.mundoagropecuario.cl\/new\/destacan-programa-de-papa-gore-inia-como-ejemplo-virtuoso-de-colaboracion-publico-privada\/\" \/>\n<meta property=\"og:site_name\" content=\"Mundoagropecuario\" \/>\n<meta property=\"article:publisher\" content=\"https:\/\/www.facebook.com\/mundo.agropecuario.3\" \/>\n<meta property=\"article:published_time\" content=\"2019-01-14T04:34:40+00:00\" \/>\n<meta property=\"article:modified_time\" content=\"2019-01-16T04:25:37+00:00\" \/>\n<meta property=\"og:image\" content=\"https:\/\/www.mundoagropecuario.cl\/new\/wp-content\/uploads\/2019\/01\/inia-papa.jpg\" \/>\n\t<meta property=\"og:image:width\" content=\"1024\" \/>\n\t<meta property=\"og:image:height\" content=\"768\" \/>\n\t<meta property=\"og:image:type\" content=\"image\/jpeg\" \/>\n<meta name=\"author\" content=\"periodista\" \/>\n<meta name=\"twitter:card\" content=\"summary_large_image\" \/>\n<meta name=\"twitter:creator\" content=\"@MundoAgropecuar\" \/>\n<meta name=\"twitter:site\" content=\"@MundoAgropecuar\" \/>\n<meta name=\"twitter:label1\" content=\"Escrito por\" \/>\n\t<meta name=\"twitter:data1\" content=\"periodista\" \/>\n\t<meta name=\"twitter:label2\" content=\"Tiempo de lectura\" \/>\n\t<meta name=\"twitter:data2\" content=\"4 minutos\" \/>\n<script type=\"application\/ld+json\" class=\"yoast-schema-graph\">{\"@context\":\"https:\/\/schema.org\",\"@graph\":[{\"@type\":\"Article\",\"@id\":\"https:\/\/www.mundoagropecuario.cl\/new\/destacan-programa-de-papa-gore-inia-como-ejemplo-virtuoso-de-colaboracion-publico-privada\/#article\",\"isPartOf\":{\"@id\":\"https:\/\/www.mundoagropecuario.cl\/new\/destacan-programa-de-papa-gore-inia-como-ejemplo-virtuoso-de-colaboracion-publico-privada\/\"},\"author\":{\"name\":\"periodista\",\"@id\":\"https:\/\/www.mundoagropecuario.cl\/new\/#\/schema\/person\/0c221050801c74e45256a7a9a1ff0803\"},\"headline\":\"Destacan programa de papa GORE-INIA como ejemplo virtuoso de colaboraci\u00f3n p\u00fablico privada\",\"datePublished\":\"2019-01-14T04:34:40+00:00\",\"dateModified\":\"2019-01-16T04:25:37+00:00\",\"mainEntityOfPage\":{\"@id\":\"https:\/\/www.mundoagropecuario.cl\/new\/destacan-programa-de-papa-gore-inia-como-ejemplo-virtuoso-de-colaboracion-publico-privada\/\"},\"wordCount\":833,\"publisher\":{\"@id\":\"https:\/\/www.mundoagropecuario.cl\/new\/#organization\"},\"image\":{\"@id\":\"https:\/\/www.mundoagropecuario.cl\/new\/destacan-programa-de-papa-gore-inia-como-ejemplo-virtuoso-de-colaboracion-publico-privada\/#primaryimage\"},\"thumbnailUrl\":\"https:\/\/www.mundoagropecuario.cl\/new\/wp-content\/uploads\/2019\/01\/inia-papa.jpg\",\"keywords\":[\"Centro Experimental Tranapuente\",\"GORE Araucan\u00eda\",\"INIA Carillanca\",\"Papa\"],\"articleSection\":[\"Instituciones\"],\"inLanguage\":\"es\"},{\"@type\":\"WebPage\",\"@id\":\"https:\/\/www.mundoagropecuario.cl\/new\/destacan-programa-de-papa-gore-inia-como-ejemplo-virtuoso-de-colaboracion-publico-privada\/\",\"url\":\"https:\/\/www.mundoagropecuario.cl\/new\/destacan-programa-de-papa-gore-inia-como-ejemplo-virtuoso-de-colaboracion-publico-privada\/\",\"name\":\"Destacan programa de papa GORE-INIA como ejemplo virtuoso de colaboraci\u00f3n p\u00fablico privada - Mundoagropecuario\",\"isPartOf\":{\"@id\":\"https:\/\/www.mundoagropecuario.cl\/new\/#website\"},\"primaryImageOfPage\":{\"@id\":\"https:\/\/www.mundoagropecuario.cl\/new\/destacan-programa-de-papa-gore-inia-como-ejemplo-virtuoso-de-colaboracion-publico-privada\/#primaryimage\"},\"image\":{\"@id\":\"https:\/\/www.mundoagropecuario.cl\/new\/destacan-programa-de-papa-gore-inia-como-ejemplo-virtuoso-de-colaboracion-publico-privada\/#primaryimage\"},\"thumbnailUrl\":\"https:\/\/www.mundoagropecuario.cl\/new\/wp-content\/uploads\/2019\/01\/inia-papa.jpg\",\"datePublished\":\"2019-01-14T04:34:40+00:00\",\"dateModified\":\"2019-01-16T04:25:37+00:00\",\"breadcrumb\":{\"@id\":\"https:\/\/www.mundoagropecuario.cl\/new\/destacan-programa-de-papa-gore-inia-como-ejemplo-virtuoso-de-colaboracion-publico-privada\/#breadcrumb\"},\"inLanguage\":\"es\",\"potentialAction\":[{\"@type\":\"ReadAction\",\"target\":[\"https:\/\/www.mundoagropecuario.cl\/new\/destacan-programa-de-papa-gore-inia-como-ejemplo-virtuoso-de-colaboracion-publico-privada\/\"]}]},{\"@type\":\"ImageObject\",\"inLanguage\":\"es\",\"@id\":\"https:\/\/www.mundoagropecuario.cl\/new\/destacan-programa-de-papa-gore-inia-como-ejemplo-virtuoso-de-colaboracion-publico-privada\/#primaryimage\",\"url\":\"https:\/\/www.mundoagropecuario.cl\/new\/wp-content\/uploads\/2019\/01\/inia-papa.jpg\",\"contentUrl\":\"https:\/\/www.mundoagropecuario.cl\/new\/wp-content\/uploads\/2019\/01\/inia-papa.jpg\",\"width\":533,\"height\":400},{\"@type\":\"BreadcrumbList\",\"@id\":\"https:\/\/www.mundoagropecuario.cl\/new\/destacan-programa-de-papa-gore-inia-como-ejemplo-virtuoso-de-colaboracion-publico-privada\/#breadcrumb\",\"itemListElement\":[{\"@type\":\"ListItem\",\"position\":1,\"name\":\"Portada\",\"item\":\"https:\/\/www.mundoagropecuario.cl\/new\/\"},{\"@type\":\"ListItem\",\"position\":2,\"name\":\"Destacan programa de papa GORE-INIA como ejemplo virtuoso de colaboraci\u00f3n p\u00fablico privada\"}]},{\"@type\":\"WebSite\",\"@id\":\"https:\/\/www.mundoagropecuario.cl\/new\/#website\",\"url\":\"https:\/\/www.mundoagropecuario.cl\/new\/\",\"name\":\"Mundoagropecuario\",\"description\":\"Mundo Agropecuario\",\"publisher\":{\"@id\":\"https:\/\/www.mundoagropecuario.cl\/new\/#organization\"},\"potentialAction\":[{\"@type\":\"SearchAction\",\"target\":{\"@type\":\"EntryPoint\",\"urlTemplate\":\"https:\/\/www.mundoagropecuario.cl\/new\/?s={search_term_string}\"},\"query-input\":{\"@type\":\"PropertyValueSpecification\",\"valueRequired\":true,\"valueName\":\"search_term_string\"}}],\"inLanguage\":\"es\"},{\"@type\":\"Organization\",\"@id\":\"https:\/\/www.mundoagropecuario.cl\/new\/#organization\",\"name\":\"Revista de Agricultura\",\"url\":\"https:\/\/www.mundoagropecuario.cl\/new\/\",\"logo\":{\"@type\":\"ImageObject\",\"inLanguage\":\"es\",\"@id\":\"https:\/\/www.mundoagropecuario.cl\/new\/#\/schema\/logo\/image\/\",\"url\":\"https:\/\/www.mundoagropecuario.cl\/new\/wp-content\/uploads\/2020\/11\/PORTAL-1-1.png\",\"contentUrl\":\"https:\/\/www.mundoagropecuario.cl\/new\/wp-content\/uploads\/2020\/11\/PORTAL-1-1.png\",\"width\":1026,\"height\":100,\"caption\":\"Revista de Agricultura\"},\"image\":{\"@id\":\"https:\/\/www.mundoagropecuario.cl\/new\/#\/schema\/logo\/image\/\"},\"sameAs\":[\"https:\/\/www.facebook.com\/mundo.agropecuario.3\",\"https:\/\/x.com\/MundoAgropecuar\",\"https:\/\/www.linkedin.com\/in\/mundo-agropecuario-934009201\/\"]},{\"@type\":\"Person\",\"@id\":\"https:\/\/www.mundoagropecuario.cl\/new\/#\/schema\/person\/0c221050801c74e45256a7a9a1ff0803\",\"name\":\"periodista\",\"url\":\"https:\/\/www.mundoagropecuario.cl\/new\/author\/periodista\/\"}]}<\/script>\n<!-- \/ Yoast SEO plugin. -->","yoast_head_json":{"title":"Destacan programa de papa GORE-INIA como ejemplo virtuoso de colaboraci\u00f3n p\u00fablico privada - Mundoagropecuario","robots":{"index":"index","follow":"follow","max-snippet":"max-snippet:-1","max-image-preview":"max-image-preview:large","max-video-preview":"max-video-preview:-1"},"canonical":"https:\/\/www.mundoagropecuario.cl\/new\/destacan-programa-de-papa-gore-inia-como-ejemplo-virtuoso-de-colaboracion-publico-privada\/","og_locale":"es_ES","og_type":"article","og_title":"Destacan programa de papa GORE-INIA como ejemplo virtuoso de colaboraci\u00f3n p\u00fablico privada - Mundoagropecuario","og_description":"Director nacional de INIA enfatiz\u00f3 los alcances del programa GORE-INIA \u201cInnovaci\u00f3n tecnol\u00f3gica aplicada a procesos productivos del Centro Regional de la Papa, para el fortalecimiento de la competitividad del territorio...","og_url":"https:\/\/www.mundoagropecuario.cl\/new\/destacan-programa-de-papa-gore-inia-como-ejemplo-virtuoso-de-colaboracion-publico-privada\/","og_site_name":"Mundoagropecuario","article_publisher":"https:\/\/www.facebook.com\/mundo.agropecuario.3","article_published_time":"2019-01-14T04:34:40+00:00","article_modified_time":"2019-01-16T04:25:37+00:00","og_image":[{"width":1024,"height":768,"url":"https:\/\/www.mundoagropecuario.cl\/new\/wp-content\/uploads\/2019\/01\/inia-papa.jpg","type":"image\/jpeg"}],"author":"periodista","twitter_card":"summary_large_image","twitter_creator":"@MundoAgropecuar","twitter_site":"@MundoAgropecuar","twitter_misc":{"Escrito por":"periodista","Tiempo de lectura":"4 minutos"},"schema":{"@context":"https:\/\/schema.org","@graph":[{"@type":"Article","@id":"https:\/\/www.mundoagropecuario.cl\/new\/destacan-programa-de-papa-gore-inia-como-ejemplo-virtuoso-de-colaboracion-publico-privada\/#article","isPartOf":{"@id":"https:\/\/www.mundoagropecuario.cl\/new\/destacan-programa-de-papa-gore-inia-como-ejemplo-virtuoso-de-colaboracion-publico-privada\/"},"author":{"name":"periodista","@id":"https:\/\/www.mundoagropecuario.cl\/new\/#\/schema\/person\/0c221050801c74e45256a7a9a1ff0803"},"headline":"Destacan programa de papa GORE-INIA como ejemplo virtuoso de colaboraci\u00f3n p\u00fablico privada","datePublished":"2019-01-14T04:34:40+00:00","dateModified":"2019-01-16T04:25:37+00:00","mainEntityOfPage":{"@id":"https:\/\/www.mundoagropecuario.cl\/new\/destacan-programa-de-papa-gore-inia-como-ejemplo-virtuoso-de-colaboracion-publico-privada\/"},"wordCount":833,"publisher":{"@id":"https:\/\/www.mundoagropecuario.cl\/new\/#organization"},"image":{"@id":"https:\/\/www.mundoagropecuario.cl\/new\/destacan-programa-de-papa-gore-inia-como-ejemplo-virtuoso-de-colaboracion-publico-privada\/#primaryimage"},"thumbnailUrl":"https:\/\/www.mundoagropecuario.cl\/new\/wp-content\/uploads\/2019\/01\/inia-papa.jpg","keywords":["Centro Experimental Tranapuente","GORE Araucan\u00eda","INIA Carillanca","Papa"],"articleSection":["Instituciones"],"inLanguage":"es"},{"@type":"WebPage","@id":"https:\/\/www.mundoagropecuario.cl\/new\/destacan-programa-de-papa-gore-inia-como-ejemplo-virtuoso-de-colaboracion-publico-privada\/","url":"https:\/\/www.mundoagropecuario.cl\/new\/destacan-programa-de-papa-gore-inia-como-ejemplo-virtuoso-de-colaboracion-publico-privada\/","name":"Destacan programa de papa GORE-INIA como ejemplo virtuoso de colaboraci\u00f3n p\u00fablico privada - Mundoagropecuario","isPartOf":{"@id":"https:\/\/www.mundoagropecuario.cl\/new\/#website"},"primaryImageOfPage":{"@id":"https:\/\/www.mundoagropecuario.cl\/new\/destacan-programa-de-papa-gore-inia-como-ejemplo-virtuoso-de-colaboracion-publico-privada\/#primaryimage"},"image":{"@id":"https:\/\/www.mundoagropecuario.cl\/new\/destacan-programa-de-papa-gore-inia-como-ejemplo-virtuoso-de-colaboracion-publico-privada\/#primaryimage"},"thumbnailUrl":"https:\/\/www.mundoagropecuario.cl\/new\/wp-content\/uploads\/2019\/01\/inia-papa.jpg","datePublished":"2019-01-14T04:34:40+00:00","dateModified":"2019-01-16T04:25:37+00:00","breadcrumb":{"@id":"https:\/\/www.mundoagropecuario.cl\/new\/destacan-programa-de-papa-gore-inia-como-ejemplo-virtuoso-de-colaboracion-publico-privada\/#breadcrumb"},"inLanguage":"es","potentialAction":[{"@type":"ReadAction","target":["https:\/\/www.mundoagropecuario.cl\/new\/destacan-programa-de-papa-gore-inia-como-ejemplo-virtuoso-de-colaboracion-publico-privada\/"]}]},{"@type":"ImageObject","inLanguage":"es","@id":"https:\/\/www.mundoagropecuario.cl\/new\/destacan-programa-de-papa-gore-inia-como-ejemplo-virtuoso-de-colaboracion-publico-privada\/#primaryimage","url":"https:\/\/www.mundoagropecuario.cl\/new\/wp-content\/uploads\/2019\/01\/inia-papa.jpg","contentUrl":"https:\/\/www.mundoagropecuario.cl\/new\/wp-content\/uploads\/2019\/01\/inia-papa.jpg","width":533,"height":400},{"@type":"BreadcrumbList","@id":"https:\/\/www.mundoagropecuario.cl\/new\/destacan-programa-de-papa-gore-inia-como-ejemplo-virtuoso-de-colaboracion-publico-privada\/#breadcrumb","itemListElement":[{"@type":"ListItem","position":1,"name":"Portada","item":"https:\/\/www.mundoagropecuario.cl\/new\/"},{"@type":"ListItem","position":2,"name":"Destacan programa de papa GORE-INIA como ejemplo virtuoso de colaboraci\u00f3n p\u00fablico privada"}]},{"@type":"WebSite","@id":"https:\/\/www.mundoagropecuario.cl\/new\/#website","url":"https:\/\/www.mundoagropecuario.cl\/new\/","name":"Mundoagropecuario","description":"Mundo Agropecuario","publisher":{"@id":"https:\/\/www.mundoagropecuario.cl\/new\/#organization"},"potentialAction":[{"@type":"SearchAction","target":{"@type":"EntryPoint","urlTemplate":"https:\/\/www.mundoagropecuario.cl\/new\/?s={search_term_string}"},"query-input":{"@type":"PropertyValueSpecification","valueRequired":true,"valueName":"search_term_string"}}],"inLanguage":"es"},{"@type":"Organization","@id":"https:\/\/www.mundoagropecuario.cl\/new\/#organization","name":"Revista de Agricultura","url":"https:\/\/www.mundoagropecuario.cl\/new\/","logo":{"@type":"ImageObject","inLanguage":"es","@id":"https:\/\/www.mundoagropecuario.cl\/new\/#\/schema\/logo\/image\/","url":"https:\/\/www.mundoagropecuario.cl\/new\/wp-content\/uploads\/2020\/11\/PORTAL-1-1.png","contentUrl":"https:\/\/www.mundoagropecuario.cl\/new\/wp-content\/uploads\/2020\/11\/PORTAL-1-1.png","width":1026,"height":100,"caption":"Revista de Agricultura"},"image":{"@id":"https:\/\/www.mundoagropecuario.cl\/new\/#\/schema\/logo\/image\/"},"sameAs":["https:\/\/www.facebook.com\/mundo.agropecuario.3","https:\/\/x.com\/MundoAgropecuar","https:\/\/www.linkedin.com\/in\/mundo-agropecuario-934009201\/"]},{"@type":"Person","@id":"https:\/\/www.mundoagropecuario.cl\/new\/#\/schema\/person\/0c221050801c74e45256a7a9a1ff0803","name":"periodista","url":"https:\/\/www.mundoagropecuario.cl\/new\/author\/periodista\/"}]}},"_links":{"self":[{"href":"https:\/\/www.mundoagropecuario.cl\/new\/wp-json\/wp\/v2\/posts\/10330","targetHints":{"allow":["GET"]}}],"collection":[{"href":"https:\/\/www.mundoagropecuario.cl\/new\/wp-json\/wp\/v2\/posts"}],"about":[{"href":"https:\/\/www.mundoagropecuario.cl\/new\/wp-json\/wp\/v2\/types\/post"}],"author":[{"embeddable":true,"href":"https:\/\/www.mundoagropecuario.cl\/new\/wp-json\/wp\/v2\/users\/3"}],"replies":[{"embeddable":true,"href":"https:\/\/www.mundoagropecuario.cl\/new\/wp-json\/wp\/v2\/comments?post=10330"}],"version-history":[{"count":1,"href":"https:\/\/www.mundoagropecuario.cl\/new\/wp-json\/wp\/v2\/posts\/10330\/revisions"}],"predecessor-version":[{"id":10332,"href":"https:\/\/www.mundoagropecuario.cl\/new\/wp-json\/wp\/v2\/posts\/10330\/revisions\/10332"}],"wp:featuredmedia":[{"embeddable":true,"href":"https:\/\/www.mundoagropecuario.cl\/new\/wp-json\/wp\/v2\/media\/10331"}],"wp:attachment":[{"href":"https:\/\/www.mundoagropecuario.cl\/new\/wp-json\/wp\/v2\/media?parent=10330"}],"wp:term":[{"taxonomy":"category","embeddable":true,"href":"https:\/\/www.mundoagropecuario.cl\/new\/wp-json\/wp\/v2\/categories?post=10330"},{"taxonomy":"post_tag","embeddable":true,"href":"https:\/\/www.mundoagropecuario.cl\/new\/wp-json\/wp\/v2\/tags?post=10330"}],"curies":[{"name":"wp","href":"https:\/\/api.w.org\/{rel}","templated":true}]}}