{"id":10251,"date":"2019-01-08T02:28:45","date_gmt":"2019-01-08T05:28:45","guid":{"rendered":"http:\/\/www.mundoagropecuario.cl\/new\/?p=10251"},"modified":"2019-01-08T02:28:45","modified_gmt":"2019-01-08T05:28:45","slug":"columna-de-opinion-autocuidado-es-la-clave-contra-los-incendios-en-la-interfaz-urbano-rural","status":"publish","type":"post","link":"https:\/\/www.mundoagropecuario.cl\/new\/columna-de-opinion-autocuidado-es-la-clave-contra-los-incendios-en-la-interfaz-urbano-rural\/","title":{"rendered":"Columna de opini\u00f3n: Autocuidado es la clave contra los incendios en la interfaz urbano-rural"},"content":{"rendered":"<blockquote><p><em>Por Dr. Eduardo Pe\u00f1a, especialista en Ecolog\u00eda del Fuego, Facultad de Ciencias Forestales de la Universidad de Concepci\u00f3n.<\/em><\/p><\/blockquote>\n<p>Seg\u00fan algunos expertos internacionales, para los pr\u00f3ximos 100 a\u00f1os, se espera una era de incendios forestales. Los grandes incendios del a\u00f1o 2017 en Chile, y los que ocurrieron en noviembre de 2018 en California confirman esta tendencia, mostrando adem\u00e1s que el mayor da\u00f1o lo sufren las zonas de interfaz urbano-rural con todo el impacto econ\u00f3mico, social y emocional que ello significa, tal como ocurre en Chile en estos d\u00edas.<\/p>\n<p>Dada las condiciones actuales del cambio clim\u00e1tico, las zonas boscosas est\u00e1n destinadas a quemarse y por ello los esfuerzos futuros se deben centrar en la interfaz urbano-rural salvando as\u00ed vidas e infraestructuras. Se sabe que las viviendas se queman por el material encendido (pavesas) que vuelan hasta 2 km por el aire y caen sobre combustible fino (pasto, hojarasca, ac\u00edculas y ramillas menores a 2,5 mm) que hay en las viviendas (techos y patios). Por ello, la forma m\u00e1s segura de evitar estos incendios urbanos es que los propietarios asuman el autocuidado, eliminando todos los a\u00f1os el combustible fino que amenace sus viviendas. La idea es que se puede quemar el bosque, pero no las viviendas. Cuando el presidente Trump, por los incendios de 2018, dijo que el Servicio Forestal de Estados Unidos no hizo su trabajo, se refer\u00eda a la necesidad de manejar el combustible fino.<\/p>\n<p>Tambi\u00e9n, los l\u00edmites de la ciudad deben dejarse como \u00e1reas verdes o una calle (20 a 25 metros libre de construcci\u00f3n), lo ideal es una calle porque facilita el ingreso al combate de incendios y pone distancia a la vegetaci\u00f3n rural. Por otro lado, los propietarios rurales deben dejar un cortafuego de 30 m sin \u00e1rboles y arbustos aumentando la efectividad de la protecci\u00f3n. Por \u00faltimo, para evitar la emisi\u00f3n de pavesas desde el bosque o plantaci\u00f3n, en los primeros 100 m que siguen al cortafuego rural, se deber\u00e1 bajar la densidad de individuos y podar los \u00e1rboles hasta unos 5 m de alto y retirar el desecho, as\u00ed se evitan los incendios de copa que son los que m\u00e1s emiten pavesas.<\/p>\n<p>Si no se asume que el combustible que rodea a la vivienda es realmente lo que inicia el fuego en las viviendas, no seremos efectivos en evitar su destrucci\u00f3n. El autocuidado es de bajo costo porque solo considera la mano de obra de cada vecino y tener herramientas b\u00e1sicas como palas, rozones y hachas, adem\u00e1s de una manguera de unos 30 m de largo conectada permanentemente a una llave, porque con ella ser\u00e1 posible apagar cualquier fuego que se inicie alrededor de una casa con patio, jard\u00edn y techo limpio.<\/p>\n<p>En las im\u00e1genes que se presentan a continuaci\u00f3n del incendio de 2017, muestran la efectividad para proteger una vivienda cuando alrededor de ellas est\u00e1 despejado de combustible fino, a pesar que la plantaci\u00f3n estaba a menos de 20 metros de la vivienda.<\/p>\n<p>&nbsp;<\/p>\n<p>&nbsp;<\/p>\n<p>&nbsp;<\/p>\n<p>&nbsp;<\/p>\n<p>&nbsp;<\/p>\n","protected":false},"excerpt":{"rendered":"<p>Por Dr. Eduardo Pe\u00f1a, especialista en Ecolog\u00eda del Fuego, Facultad de Ciencias Forestales de la Universidad de Concepci\u00f3n. Seg\u00fan algunos expertos internacionales, para los pr\u00f3ximos 100 a\u00f1os, se espera una&#8230;<\/p>\n","protected":false},"author":2,"featured_media":10252,"comment_status":"closed","ping_status":"closed","sticky":false,"template":"","format":"standard","meta":{"footnotes":""},"categories":[1949],"tags":[2640,2663,3154,3153],"class_list":["post-10251","post","type-post","status-publish","format-standard","has-post-thumbnail","hentry","category-forestal","tag-arboles","tag-incendios-forestales","tag-pavesas","tag-plantaciones-forestales"],"yoast_head":"<!-- This site is optimized with the Yoast SEO plugin v26.6 - https:\/\/yoast.com\/wordpress\/plugins\/seo\/ -->\n<title>Columna de opini\u00f3n: Autocuidado es la clave contra los incendios en la interfaz urbano-rural - Mundoagropecuario<\/title>\n<meta name=\"robots\" content=\"index, follow, max-snippet:-1, max-image-preview:large, max-video-preview:-1\" \/>\n<link rel=\"canonical\" href=\"https:\/\/www.mundoagropecuario.cl\/new\/columna-de-opinion-autocuidado-es-la-clave-contra-los-incendios-en-la-interfaz-urbano-rural\/\" \/>\n<meta property=\"og:locale\" content=\"es_ES\" \/>\n<meta property=\"og:type\" content=\"article\" \/>\n<meta property=\"og:title\" content=\"Columna de opini\u00f3n: Autocuidado es la clave contra los incendios en la interfaz urbano-rural - Mundoagropecuario\" \/>\n<meta property=\"og:description\" content=\"Por Dr. Eduardo Pe\u00f1a, especialista en Ecolog\u00eda del Fuego, Facultad de Ciencias Forestales de la Universidad de Concepci\u00f3n. Seg\u00fan algunos expertos internacionales, para los pr\u00f3ximos 100 a\u00f1os, se espera una...\" \/>\n<meta property=\"og:url\" content=\"https:\/\/www.mundoagropecuario.cl\/new\/columna-de-opinion-autocuidado-es-la-clave-contra-los-incendios-en-la-interfaz-urbano-rural\/\" \/>\n<meta property=\"og:site_name\" content=\"Mundoagropecuario\" \/>\n<meta property=\"article:publisher\" content=\"https:\/\/www.facebook.com\/mundo.agropecuario.3\" \/>\n<meta property=\"article:published_time\" content=\"2019-01-08T05:28:45+00:00\" \/>\n<meta property=\"og:image\" content=\"https:\/\/www.mundoagropecuario.cl\/new\/wp-content\/uploads\/2019\/01\/incendios-forestales.jpg\" \/>\n\t<meta property=\"og:image:width\" content=\"1024\" \/>\n\t<meta property=\"og:image:height\" content=\"514\" \/>\n\t<meta property=\"og:image:type\" content=\"image\/jpeg\" \/>\n<meta name=\"author\" content=\"mundo\" \/>\n<meta name=\"twitter:card\" content=\"summary_large_image\" \/>\n<meta name=\"twitter:creator\" content=\"@MundoAgropecuar\" \/>\n<meta name=\"twitter:site\" content=\"@MundoAgropecuar\" \/>\n<meta name=\"twitter:label1\" content=\"Escrito por\" \/>\n\t<meta name=\"twitter:data1\" content=\"mundo\" \/>\n\t<meta name=\"twitter:label2\" content=\"Tiempo de lectura\" \/>\n\t<meta name=\"twitter:data2\" content=\"3 minutos\" \/>\n<script type=\"application\/ld+json\" class=\"yoast-schema-graph\">{\"@context\":\"https:\/\/schema.org\",\"@graph\":[{\"@type\":\"Article\",\"@id\":\"https:\/\/www.mundoagropecuario.cl\/new\/columna-de-opinion-autocuidado-es-la-clave-contra-los-incendios-en-la-interfaz-urbano-rural\/#article\",\"isPartOf\":{\"@id\":\"https:\/\/www.mundoagropecuario.cl\/new\/columna-de-opinion-autocuidado-es-la-clave-contra-los-incendios-en-la-interfaz-urbano-rural\/\"},\"author\":{\"name\":\"mundo\",\"@id\":\"https:\/\/www.mundoagropecuario.cl\/new\/#\/schema\/person\/4e9f74a82a7dac260eb1c44b7eebeb18\"},\"headline\":\"Columna de opini\u00f3n: Autocuidado es la clave contra los incendios en la interfaz urbano-rural\",\"datePublished\":\"2019-01-08T05:28:45+00:00\",\"mainEntityOfPage\":{\"@id\":\"https:\/\/www.mundoagropecuario.cl\/new\/columna-de-opinion-autocuidado-es-la-clave-contra-los-incendios-en-la-interfaz-urbano-rural\/\"},\"wordCount\":526,\"publisher\":{\"@id\":\"https:\/\/www.mundoagropecuario.cl\/new\/#organization\"},\"image\":{\"@id\":\"https:\/\/www.mundoagropecuario.cl\/new\/columna-de-opinion-autocuidado-es-la-clave-contra-los-incendios-en-la-interfaz-urbano-rural\/#primaryimage\"},\"thumbnailUrl\":\"https:\/\/www.mundoagropecuario.cl\/new\/wp-content\/uploads\/2019\/01\/incendios-forestales.jpg\",\"keywords\":[\"\u00e1rboles\",\"incendios forestales\",\"pavesas\",\"plantaciones forestales\"],\"articleSection\":[\"Forestal\"],\"inLanguage\":\"es\"},{\"@type\":\"WebPage\",\"@id\":\"https:\/\/www.mundoagropecuario.cl\/new\/columna-de-opinion-autocuidado-es-la-clave-contra-los-incendios-en-la-interfaz-urbano-rural\/\",\"url\":\"https:\/\/www.mundoagropecuario.cl\/new\/columna-de-opinion-autocuidado-es-la-clave-contra-los-incendios-en-la-interfaz-urbano-rural\/\",\"name\":\"Columna de opini\u00f3n: Autocuidado es la clave contra los incendios en la interfaz urbano-rural - Mundoagropecuario\",\"isPartOf\":{\"@id\":\"https:\/\/www.mundoagropecuario.cl\/new\/#website\"},\"primaryImageOfPage\":{\"@id\":\"https:\/\/www.mundoagropecuario.cl\/new\/columna-de-opinion-autocuidado-es-la-clave-contra-los-incendios-en-la-interfaz-urbano-rural\/#primaryimage\"},\"image\":{\"@id\":\"https:\/\/www.mundoagropecuario.cl\/new\/columna-de-opinion-autocuidado-es-la-clave-contra-los-incendios-en-la-interfaz-urbano-rural\/#primaryimage\"},\"thumbnailUrl\":\"https:\/\/www.mundoagropecuario.cl\/new\/wp-content\/uploads\/2019\/01\/incendios-forestales.jpg\",\"datePublished\":\"2019-01-08T05:28:45+00:00\",\"breadcrumb\":{\"@id\":\"https:\/\/www.mundoagropecuario.cl\/new\/columna-de-opinion-autocuidado-es-la-clave-contra-los-incendios-en-la-interfaz-urbano-rural\/#breadcrumb\"},\"inLanguage\":\"es\",\"potentialAction\":[{\"@type\":\"ReadAction\",\"target\":[\"https:\/\/www.mundoagropecuario.cl\/new\/columna-de-opinion-autocuidado-es-la-clave-contra-los-incendios-en-la-interfaz-urbano-rural\/\"]}]},{\"@type\":\"ImageObject\",\"inLanguage\":\"es\",\"@id\":\"https:\/\/www.mundoagropecuario.cl\/new\/columna-de-opinion-autocuidado-es-la-clave-contra-los-incendios-en-la-interfaz-urbano-rural\/#primaryimage\",\"url\":\"https:\/\/www.mundoagropecuario.cl\/new\/wp-content\/uploads\/2019\/01\/incendios-forestales.jpg\",\"contentUrl\":\"https:\/\/www.mundoagropecuario.cl\/new\/wp-content\/uploads\/2019\/01\/incendios-forestales.jpg\",\"width\":720,\"height\":361},{\"@type\":\"BreadcrumbList\",\"@id\":\"https:\/\/www.mundoagropecuario.cl\/new\/columna-de-opinion-autocuidado-es-la-clave-contra-los-incendios-en-la-interfaz-urbano-rural\/#breadcrumb\",\"itemListElement\":[{\"@type\":\"ListItem\",\"position\":1,\"name\":\"Portada\",\"item\":\"https:\/\/www.mundoagropecuario.cl\/new\/\"},{\"@type\":\"ListItem\",\"position\":2,\"name\":\"Columna de opini\u00f3n: Autocuidado es la clave contra los incendios en la interfaz urbano-rural\"}]},{\"@type\":\"WebSite\",\"@id\":\"https:\/\/www.mundoagropecuario.cl\/new\/#website\",\"url\":\"https:\/\/www.mundoagropecuario.cl\/new\/\",\"name\":\"Mundoagropecuario\",\"description\":\"Mundo Agropecuario\",\"publisher\":{\"@id\":\"https:\/\/www.mundoagropecuario.cl\/new\/#organization\"},\"potentialAction\":[{\"@type\":\"SearchAction\",\"target\":{\"@type\":\"EntryPoint\",\"urlTemplate\":\"https:\/\/www.mundoagropecuario.cl\/new\/?s={search_term_string}\"},\"query-input\":{\"@type\":\"PropertyValueSpecification\",\"valueRequired\":true,\"valueName\":\"search_term_string\"}}],\"inLanguage\":\"es\"},{\"@type\":\"Organization\",\"@id\":\"https:\/\/www.mundoagropecuario.cl\/new\/#organization\",\"name\":\"Revista de Agricultura\",\"url\":\"https:\/\/www.mundoagropecuario.cl\/new\/\",\"logo\":{\"@type\":\"ImageObject\",\"inLanguage\":\"es\",\"@id\":\"https:\/\/www.mundoagropecuario.cl\/new\/#\/schema\/logo\/image\/\",\"url\":\"https:\/\/www.mundoagropecuario.cl\/new\/wp-content\/uploads\/2020\/11\/PORTAL-1-1.png\",\"contentUrl\":\"https:\/\/www.mundoagropecuario.cl\/new\/wp-content\/uploads\/2020\/11\/PORTAL-1-1.png\",\"width\":1026,\"height\":100,\"caption\":\"Revista de Agricultura\"},\"image\":{\"@id\":\"https:\/\/www.mundoagropecuario.cl\/new\/#\/schema\/logo\/image\/\"},\"sameAs\":[\"https:\/\/www.facebook.com\/mundo.agropecuario.3\",\"https:\/\/x.com\/MundoAgropecuar\",\"https:\/\/www.linkedin.com\/in\/mundo-agropecuario-934009201\/\"]},{\"@type\":\"Person\",\"@id\":\"https:\/\/www.mundoagropecuario.cl\/new\/#\/schema\/person\/4e9f74a82a7dac260eb1c44b7eebeb18\",\"name\":\"mundo\",\"url\":\"https:\/\/www.mundoagropecuario.cl\/new\/author\/mundo\/\"}]}<\/script>\n<!-- \/ Yoast SEO plugin. -->","yoast_head_json":{"title":"Columna de opini\u00f3n: Autocuidado es la clave contra los incendios en la interfaz urbano-rural - Mundoagropecuario","robots":{"index":"index","follow":"follow","max-snippet":"max-snippet:-1","max-image-preview":"max-image-preview:large","max-video-preview":"max-video-preview:-1"},"canonical":"https:\/\/www.mundoagropecuario.cl\/new\/columna-de-opinion-autocuidado-es-la-clave-contra-los-incendios-en-la-interfaz-urbano-rural\/","og_locale":"es_ES","og_type":"article","og_title":"Columna de opini\u00f3n: Autocuidado es la clave contra los incendios en la interfaz urbano-rural - Mundoagropecuario","og_description":"Por Dr. Eduardo Pe\u00f1a, especialista en Ecolog\u00eda del Fuego, Facultad de Ciencias Forestales de la Universidad de Concepci\u00f3n. Seg\u00fan algunos expertos internacionales, para los pr\u00f3ximos 100 a\u00f1os, se espera una...","og_url":"https:\/\/www.mundoagropecuario.cl\/new\/columna-de-opinion-autocuidado-es-la-clave-contra-los-incendios-en-la-interfaz-urbano-rural\/","og_site_name":"Mundoagropecuario","article_publisher":"https:\/\/www.facebook.com\/mundo.agropecuario.3","article_published_time":"2019-01-08T05:28:45+00:00","og_image":[{"width":1024,"height":514,"url":"https:\/\/www.mundoagropecuario.cl\/new\/wp-content\/uploads\/2019\/01\/incendios-forestales.jpg","type":"image\/jpeg"}],"author":"mundo","twitter_card":"summary_large_image","twitter_creator":"@MundoAgropecuar","twitter_site":"@MundoAgropecuar","twitter_misc":{"Escrito por":"mundo","Tiempo de lectura":"3 minutos"},"schema":{"@context":"https:\/\/schema.org","@graph":[{"@type":"Article","@id":"https:\/\/www.mundoagropecuario.cl\/new\/columna-de-opinion-autocuidado-es-la-clave-contra-los-incendios-en-la-interfaz-urbano-rural\/#article","isPartOf":{"@id":"https:\/\/www.mundoagropecuario.cl\/new\/columna-de-opinion-autocuidado-es-la-clave-contra-los-incendios-en-la-interfaz-urbano-rural\/"},"author":{"name":"mundo","@id":"https:\/\/www.mundoagropecuario.cl\/new\/#\/schema\/person\/4e9f74a82a7dac260eb1c44b7eebeb18"},"headline":"Columna de opini\u00f3n: Autocuidado es la clave contra los incendios en la interfaz urbano-rural","datePublished":"2019-01-08T05:28:45+00:00","mainEntityOfPage":{"@id":"https:\/\/www.mundoagropecuario.cl\/new\/columna-de-opinion-autocuidado-es-la-clave-contra-los-incendios-en-la-interfaz-urbano-rural\/"},"wordCount":526,"publisher":{"@id":"https:\/\/www.mundoagropecuario.cl\/new\/#organization"},"image":{"@id":"https:\/\/www.mundoagropecuario.cl\/new\/columna-de-opinion-autocuidado-es-la-clave-contra-los-incendios-en-la-interfaz-urbano-rural\/#primaryimage"},"thumbnailUrl":"https:\/\/www.mundoagropecuario.cl\/new\/wp-content\/uploads\/2019\/01\/incendios-forestales.jpg","keywords":["\u00e1rboles","incendios forestales","pavesas","plantaciones forestales"],"articleSection":["Forestal"],"inLanguage":"es"},{"@type":"WebPage","@id":"https:\/\/www.mundoagropecuario.cl\/new\/columna-de-opinion-autocuidado-es-la-clave-contra-los-incendios-en-la-interfaz-urbano-rural\/","url":"https:\/\/www.mundoagropecuario.cl\/new\/columna-de-opinion-autocuidado-es-la-clave-contra-los-incendios-en-la-interfaz-urbano-rural\/","name":"Columna de opini\u00f3n: Autocuidado es la clave contra los incendios en la interfaz urbano-rural - Mundoagropecuario","isPartOf":{"@id":"https:\/\/www.mundoagropecuario.cl\/new\/#website"},"primaryImageOfPage":{"@id":"https:\/\/www.mundoagropecuario.cl\/new\/columna-de-opinion-autocuidado-es-la-clave-contra-los-incendios-en-la-interfaz-urbano-rural\/#primaryimage"},"image":{"@id":"https:\/\/www.mundoagropecuario.cl\/new\/columna-de-opinion-autocuidado-es-la-clave-contra-los-incendios-en-la-interfaz-urbano-rural\/#primaryimage"},"thumbnailUrl":"https:\/\/www.mundoagropecuario.cl\/new\/wp-content\/uploads\/2019\/01\/incendios-forestales.jpg","datePublished":"2019-01-08T05:28:45+00:00","breadcrumb":{"@id":"https:\/\/www.mundoagropecuario.cl\/new\/columna-de-opinion-autocuidado-es-la-clave-contra-los-incendios-en-la-interfaz-urbano-rural\/#breadcrumb"},"inLanguage":"es","potentialAction":[{"@type":"ReadAction","target":["https:\/\/www.mundoagropecuario.cl\/new\/columna-de-opinion-autocuidado-es-la-clave-contra-los-incendios-en-la-interfaz-urbano-rural\/"]}]},{"@type":"ImageObject","inLanguage":"es","@id":"https:\/\/www.mundoagropecuario.cl\/new\/columna-de-opinion-autocuidado-es-la-clave-contra-los-incendios-en-la-interfaz-urbano-rural\/#primaryimage","url":"https:\/\/www.mundoagropecuario.cl\/new\/wp-content\/uploads\/2019\/01\/incendios-forestales.jpg","contentUrl":"https:\/\/www.mundoagropecuario.cl\/new\/wp-content\/uploads\/2019\/01\/incendios-forestales.jpg","width":720,"height":361},{"@type":"BreadcrumbList","@id":"https:\/\/www.mundoagropecuario.cl\/new\/columna-de-opinion-autocuidado-es-la-clave-contra-los-incendios-en-la-interfaz-urbano-rural\/#breadcrumb","itemListElement":[{"@type":"ListItem","position":1,"name":"Portada","item":"https:\/\/www.mundoagropecuario.cl\/new\/"},{"@type":"ListItem","position":2,"name":"Columna de opini\u00f3n: Autocuidado es la clave contra los incendios en la interfaz urbano-rural"}]},{"@type":"WebSite","@id":"https:\/\/www.mundoagropecuario.cl\/new\/#website","url":"https:\/\/www.mundoagropecuario.cl\/new\/","name":"Mundoagropecuario","description":"Mundo Agropecuario","publisher":{"@id":"https:\/\/www.mundoagropecuario.cl\/new\/#organization"},"potentialAction":[{"@type":"SearchAction","target":{"@type":"EntryPoint","urlTemplate":"https:\/\/www.mundoagropecuario.cl\/new\/?s={search_term_string}"},"query-input":{"@type":"PropertyValueSpecification","valueRequired":true,"valueName":"search_term_string"}}],"inLanguage":"es"},{"@type":"Organization","@id":"https:\/\/www.mundoagropecuario.cl\/new\/#organization","name":"Revista de Agricultura","url":"https:\/\/www.mundoagropecuario.cl\/new\/","logo":{"@type":"ImageObject","inLanguage":"es","@id":"https:\/\/www.mundoagropecuario.cl\/new\/#\/schema\/logo\/image\/","url":"https:\/\/www.mundoagropecuario.cl\/new\/wp-content\/uploads\/2020\/11\/PORTAL-1-1.png","contentUrl":"https:\/\/www.mundoagropecuario.cl\/new\/wp-content\/uploads\/2020\/11\/PORTAL-1-1.png","width":1026,"height":100,"caption":"Revista de Agricultura"},"image":{"@id":"https:\/\/www.mundoagropecuario.cl\/new\/#\/schema\/logo\/image\/"},"sameAs":["https:\/\/www.facebook.com\/mundo.agropecuario.3","https:\/\/x.com\/MundoAgropecuar","https:\/\/www.linkedin.com\/in\/mundo-agropecuario-934009201\/"]},{"@type":"Person","@id":"https:\/\/www.mundoagropecuario.cl\/new\/#\/schema\/person\/4e9f74a82a7dac260eb1c44b7eebeb18","name":"mundo","url":"https:\/\/www.mundoagropecuario.cl\/new\/author\/mundo\/"}]}},"_links":{"self":[{"href":"https:\/\/www.mundoagropecuario.cl\/new\/wp-json\/wp\/v2\/posts\/10251","targetHints":{"allow":["GET"]}}],"collection":[{"href":"https:\/\/www.mundoagropecuario.cl\/new\/wp-json\/wp\/v2\/posts"}],"about":[{"href":"https:\/\/www.mundoagropecuario.cl\/new\/wp-json\/wp\/v2\/types\/post"}],"author":[{"embeddable":true,"href":"https:\/\/www.mundoagropecuario.cl\/new\/wp-json\/wp\/v2\/users\/2"}],"replies":[{"embeddable":true,"href":"https:\/\/www.mundoagropecuario.cl\/new\/wp-json\/wp\/v2\/comments?post=10251"}],"version-history":[{"count":1,"href":"https:\/\/www.mundoagropecuario.cl\/new\/wp-json\/wp\/v2\/posts\/10251\/revisions"}],"predecessor-version":[{"id":10253,"href":"https:\/\/www.mundoagropecuario.cl\/new\/wp-json\/wp\/v2\/posts\/10251\/revisions\/10253"}],"wp:featuredmedia":[{"embeddable":true,"href":"https:\/\/www.mundoagropecuario.cl\/new\/wp-json\/wp\/v2\/media\/10252"}],"wp:attachment":[{"href":"https:\/\/www.mundoagropecuario.cl\/new\/wp-json\/wp\/v2\/media?parent=10251"}],"wp:term":[{"taxonomy":"category","embeddable":true,"href":"https:\/\/www.mundoagropecuario.cl\/new\/wp-json\/wp\/v2\/categories?post=10251"},{"taxonomy":"post_tag","embeddable":true,"href":"https:\/\/www.mundoagropecuario.cl\/new\/wp-json\/wp\/v2\/tags?post=10251"}],"curies":[{"name":"wp","href":"https:\/\/api.w.org\/{rel}","templated":true}]}}