{"id":10225,"date":"2019-01-07T10:28:53","date_gmt":"2019-01-07T13:28:53","guid":{"rendered":"http:\/\/www.mundoagropecuario.cl\/new\/?p=10225"},"modified":"2019-01-07T10:28:53","modified_gmt":"2019-01-07T13:28:53","slug":"la-mayoria-de-los-incendios-forestales-en-chile-son-por-causa-humana","status":"publish","type":"post","link":"https:\/\/www.mundoagropecuario.cl\/new\/la-mayoria-de-los-incendios-forestales-en-chile-son-por-causa-humana\/","title":{"rendered":"La mayor\u00eda de los incendios forestales en Chile son por causa humana"},"content":{"rendered":"<blockquote><p><em>Los \u00faltimos d\u00edas en Chile se ha declarado alerta roja de incendios en tres regiones: Valpara\u00edso, Maule y O\u00b4Higgins. Acad\u00e9micos UC explican que las condiciones clim\u00e1ticas actuales favorecen que los focos de incendio se promuevan velozmente y que es fundamental educar en la prevenci\u00f3n de incendios (Mundo Agropecuario-PUC).<\/em><\/p><\/blockquote>\n<p>M\u00e1s de 70 incendios forestales activos registra la Corporaci\u00f3n Nacional Forestal (CONAF) al d\u00eda de hoy. La seguidilla de incendios ocurre mientras la zona central enfrenta una ola de calor con temperaturas m\u00e1ximas que podr\u00edan alcanzar peaks de hasta 36 grados.<\/p>\n<p>Esa ola de calor favorece que los focos de incendios de propaguen, junto a otras condiciones clim\u00e1ticas actuales. As\u00ed lo explic\u00f3 Eduardo Bustos, director de Comunicaciones del Centro de Cambio Global UC, en una entrevista en TVN. Se\u00f1al\u00f3 que se cumplen con lo que los expertos llaman la &#8216;regla del 30&#8217;, que consiste en una temperatura ambiente igual o superior a los 30 grados, rachas de viento del orden o superiores a 30 kil\u00f3metros por hora y una humedad relativa del aire inferior al 30%.<\/p>\n<p>El investigador tambi\u00e9n se refiri\u00f3 a la importancia de la prevenci\u00f3n: &#8220;En el caso de Chile m\u00e1s del 90 por ciento de los incendios son causados por el hombre de manera directa o indirecta: por descuidos, por basura o por fogatas mal apagadas, por se\u00f1alar algunos&#8221;, indic\u00f3 Bustos.<\/p>\n<p>Por su parte, el profesor Cristi\u00e1n Bonacic, acad\u00e9mico de la Facultad de Agronom\u00eda e Ingenier\u00eda Forestal de la Pontificia Universidad Cat\u00f3lica, explic\u00f3 que los incendios de gran envergadura son una receta instant\u00e1nea para generar pobreza y generar marginalidad en las zonas rurales.<\/p>\n<p>&#8220;Las zonas que se quemaron hace dos a\u00f1os han tenido muchos problemas para salir adelante, por lo tanto, este no es solamente un problema ecol\u00f3gico sino que tambi\u00e9n econ\u00f3mico y sociol\u00f3gico que el pa\u00eds tiene que enfrentar de una manera distinta. Hoy solamente estamos preocupados de ser eficientes en apagar incendios, pero debemos generar una pol\u00edtica integral de c\u00f3mo manejar el paisaje, c\u00f3mo integrar los bosques que son captadores de carbono y que producen muchos servicios para la comunidad, con el fin de que tengamos realmente ecosistemas m\u00e1s resilientes a los incendios y que provean bienes y servicios para la sociedad en el largo plazo. Ese es el tema de fondo ac\u00e1: La colaboraci\u00f3n p\u00fablico privada y que la sociedad asuma el patrimonio forestal como un patrimonio importante para el desarrollo del pa\u00eds a gran escala&#8221;, enfatiz\u00f3 Bonacic.<\/p>\n<p>Por otro lado, Sebasti\u00e1n Vicu\u00f1a, director del Centro de Cambio Global de la UC, en entrevista con radio Cooperativa, expres\u00f3 que se han aplicado varias lecciones luego de los incendios que vivi\u00f3 la zona central de Chile en 2017. &#8220;Efectivamente hubo varias lecciones, primero la necesidad de trabajar coordinadamente varias instituciones, tanto en la prevenci\u00f3n como en la r\u00e1pida reacci\u00f3n cuando ocurren estos incendios&#8221;, declar\u00f3.<\/p>\n<p>&#8220;El trabajo coordinado es uno de los aprendizajes, tambi\u00e9n mejores herramientas para poder anticiparse y predecir cu\u00e1ndo y d\u00f3nde van a ocurrir estos fen\u00f3menos, hay que dejar en claro que no son f\u00e1ciles de pronosticar. Un ejemplo es el caso de California, donde, a pesar de sus grandes capacidades, el incendio igual ocurri\u00f3&#8221;, indic\u00f3.<\/p>\n","protected":false},"excerpt":{"rendered":"<p>Los \u00faltimos d\u00edas en Chile se ha declarado alerta roja de incendios en tres regiones: Valpara\u00edso, Maule y O\u00b4Higgins. Acad\u00e9micos UC explican que las condiciones clim\u00e1ticas actuales favorecen que los&#8230;<\/p>\n","protected":false},"author":2,"featured_media":10227,"comment_status":"closed","ping_status":"closed","sticky":false,"template":"","format":"standard","meta":{"footnotes":""},"categories":[1949],"tags":[3079,2663],"class_list":["post-10225","post","type-post","status-publish","format-standard","has-post-thumbnail","hentry","category-forestal","tag-incendios","tag-incendios-forestales"],"yoast_head":"<!-- This site is optimized with the Yoast SEO plugin v26.6 - https:\/\/yoast.com\/wordpress\/plugins\/seo\/ -->\n<title>La mayor\u00eda de los incendios forestales en Chile son por causa humana - Mundoagropecuario<\/title>\n<meta name=\"robots\" content=\"index, follow, max-snippet:-1, max-image-preview:large, max-video-preview:-1\" \/>\n<link rel=\"canonical\" href=\"https:\/\/www.mundoagropecuario.cl\/new\/la-mayoria-de-los-incendios-forestales-en-chile-son-por-causa-humana\/\" \/>\n<meta property=\"og:locale\" content=\"es_ES\" \/>\n<meta property=\"og:type\" content=\"article\" \/>\n<meta property=\"og:title\" content=\"La mayor\u00eda de los incendios forestales en Chile son por causa humana - Mundoagropecuario\" \/>\n<meta property=\"og:description\" content=\"Los \u00faltimos d\u00edas en Chile se ha declarado alerta roja de incendios en tres regiones: Valpara\u00edso, Maule y O\u00b4Higgins. Acad\u00e9micos UC explican que las condiciones clim\u00e1ticas actuales favorecen que los...\" \/>\n<meta property=\"og:url\" content=\"https:\/\/www.mundoagropecuario.cl\/new\/la-mayoria-de-los-incendios-forestales-en-chile-son-por-causa-humana\/\" \/>\n<meta property=\"og:site_name\" content=\"Mundoagropecuario\" \/>\n<meta property=\"article:publisher\" content=\"https:\/\/www.facebook.com\/mundo.agropecuario.3\" \/>\n<meta property=\"article:published_time\" content=\"2019-01-07T13:28:53+00:00\" \/>\n<meta property=\"og:image\" content=\"https:\/\/www.mundoagropecuario.cl\/new\/wp-content\/uploads\/2019\/01\/colina-incendio.jpeg\" \/>\n\t<meta property=\"og:image:width\" content=\"858\" \/>\n\t<meta property=\"og:image:height\" content=\"572\" \/>\n\t<meta property=\"og:image:type\" content=\"image\/jpeg\" \/>\n<meta name=\"author\" content=\"mundo\" \/>\n<meta name=\"twitter:card\" content=\"summary_large_image\" \/>\n<meta name=\"twitter:creator\" content=\"@MundoAgropecuar\" \/>\n<meta name=\"twitter:site\" content=\"@MundoAgropecuar\" \/>\n<meta name=\"twitter:label1\" content=\"Escrito por\" \/>\n\t<meta name=\"twitter:data1\" content=\"mundo\" \/>\n\t<meta name=\"twitter:label2\" content=\"Tiempo de lectura\" \/>\n\t<meta name=\"twitter:data2\" content=\"3 minutos\" \/>\n<script type=\"application\/ld+json\" class=\"yoast-schema-graph\">{\"@context\":\"https:\/\/schema.org\",\"@graph\":[{\"@type\":\"Article\",\"@id\":\"https:\/\/www.mundoagropecuario.cl\/new\/la-mayoria-de-los-incendios-forestales-en-chile-son-por-causa-humana\/#article\",\"isPartOf\":{\"@id\":\"https:\/\/www.mundoagropecuario.cl\/new\/la-mayoria-de-los-incendios-forestales-en-chile-son-por-causa-humana\/\"},\"author\":{\"name\":\"mundo\",\"@id\":\"https:\/\/www.mundoagropecuario.cl\/new\/#\/schema\/person\/4e9f74a82a7dac260eb1c44b7eebeb18\"},\"headline\":\"La mayor\u00eda de los incendios forestales en Chile son por causa humana\",\"datePublished\":\"2019-01-07T13:28:53+00:00\",\"mainEntityOfPage\":{\"@id\":\"https:\/\/www.mundoagropecuario.cl\/new\/la-mayoria-de-los-incendios-forestales-en-chile-son-por-causa-humana\/\"},\"wordCount\":574,\"publisher\":{\"@id\":\"https:\/\/www.mundoagropecuario.cl\/new\/#organization\"},\"image\":{\"@id\":\"https:\/\/www.mundoagropecuario.cl\/new\/la-mayoria-de-los-incendios-forestales-en-chile-son-por-causa-humana\/#primaryimage\"},\"thumbnailUrl\":\"https:\/\/www.mundoagropecuario.cl\/new\/wp-content\/uploads\/2019\/01\/colina-incendio.jpeg\",\"keywords\":[\"incendios\",\"incendios forestales\"],\"articleSection\":[\"Forestal\"],\"inLanguage\":\"es\"},{\"@type\":\"WebPage\",\"@id\":\"https:\/\/www.mundoagropecuario.cl\/new\/la-mayoria-de-los-incendios-forestales-en-chile-son-por-causa-humana\/\",\"url\":\"https:\/\/www.mundoagropecuario.cl\/new\/la-mayoria-de-los-incendios-forestales-en-chile-son-por-causa-humana\/\",\"name\":\"La mayor\u00eda de los incendios forestales en Chile son por causa humana - Mundoagropecuario\",\"isPartOf\":{\"@id\":\"https:\/\/www.mundoagropecuario.cl\/new\/#website\"},\"primaryImageOfPage\":{\"@id\":\"https:\/\/www.mundoagropecuario.cl\/new\/la-mayoria-de-los-incendios-forestales-en-chile-son-por-causa-humana\/#primaryimage\"},\"image\":{\"@id\":\"https:\/\/www.mundoagropecuario.cl\/new\/la-mayoria-de-los-incendios-forestales-en-chile-son-por-causa-humana\/#primaryimage\"},\"thumbnailUrl\":\"https:\/\/www.mundoagropecuario.cl\/new\/wp-content\/uploads\/2019\/01\/colina-incendio.jpeg\",\"datePublished\":\"2019-01-07T13:28:53+00:00\",\"breadcrumb\":{\"@id\":\"https:\/\/www.mundoagropecuario.cl\/new\/la-mayoria-de-los-incendios-forestales-en-chile-son-por-causa-humana\/#breadcrumb\"},\"inLanguage\":\"es\",\"potentialAction\":[{\"@type\":\"ReadAction\",\"target\":[\"https:\/\/www.mundoagropecuario.cl\/new\/la-mayoria-de-los-incendios-forestales-en-chile-son-por-causa-humana\/\"]}]},{\"@type\":\"ImageObject\",\"inLanguage\":\"es\",\"@id\":\"https:\/\/www.mundoagropecuario.cl\/new\/la-mayoria-de-los-incendios-forestales-en-chile-son-por-causa-humana\/#primaryimage\",\"url\":\"https:\/\/www.mundoagropecuario.cl\/new\/wp-content\/uploads\/2019\/01\/colina-incendio.jpeg\",\"contentUrl\":\"https:\/\/www.mundoagropecuario.cl\/new\/wp-content\/uploads\/2019\/01\/colina-incendio.jpeg\",\"width\":600,\"height\":400},{\"@type\":\"BreadcrumbList\",\"@id\":\"https:\/\/www.mundoagropecuario.cl\/new\/la-mayoria-de-los-incendios-forestales-en-chile-son-por-causa-humana\/#breadcrumb\",\"itemListElement\":[{\"@type\":\"ListItem\",\"position\":1,\"name\":\"Portada\",\"item\":\"https:\/\/www.mundoagropecuario.cl\/new\/\"},{\"@type\":\"ListItem\",\"position\":2,\"name\":\"La mayor\u00eda de los incendios forestales en Chile son por causa humana\"}]},{\"@type\":\"WebSite\",\"@id\":\"https:\/\/www.mundoagropecuario.cl\/new\/#website\",\"url\":\"https:\/\/www.mundoagropecuario.cl\/new\/\",\"name\":\"Mundoagropecuario\",\"description\":\"Mundo Agropecuario\",\"publisher\":{\"@id\":\"https:\/\/www.mundoagropecuario.cl\/new\/#organization\"},\"potentialAction\":[{\"@type\":\"SearchAction\",\"target\":{\"@type\":\"EntryPoint\",\"urlTemplate\":\"https:\/\/www.mundoagropecuario.cl\/new\/?s={search_term_string}\"},\"query-input\":{\"@type\":\"PropertyValueSpecification\",\"valueRequired\":true,\"valueName\":\"search_term_string\"}}],\"inLanguage\":\"es\"},{\"@type\":\"Organization\",\"@id\":\"https:\/\/www.mundoagropecuario.cl\/new\/#organization\",\"name\":\"Revista de Agricultura\",\"url\":\"https:\/\/www.mundoagropecuario.cl\/new\/\",\"logo\":{\"@type\":\"ImageObject\",\"inLanguage\":\"es\",\"@id\":\"https:\/\/www.mundoagropecuario.cl\/new\/#\/schema\/logo\/image\/\",\"url\":\"https:\/\/www.mundoagropecuario.cl\/new\/wp-content\/uploads\/2020\/11\/PORTAL-1-1.png\",\"contentUrl\":\"https:\/\/www.mundoagropecuario.cl\/new\/wp-content\/uploads\/2020\/11\/PORTAL-1-1.png\",\"width\":1026,\"height\":100,\"caption\":\"Revista de Agricultura\"},\"image\":{\"@id\":\"https:\/\/www.mundoagropecuario.cl\/new\/#\/schema\/logo\/image\/\"},\"sameAs\":[\"https:\/\/www.facebook.com\/mundo.agropecuario.3\",\"https:\/\/x.com\/MundoAgropecuar\",\"https:\/\/www.linkedin.com\/in\/mundo-agropecuario-934009201\/\"]},{\"@type\":\"Person\",\"@id\":\"https:\/\/www.mundoagropecuario.cl\/new\/#\/schema\/person\/4e9f74a82a7dac260eb1c44b7eebeb18\",\"name\":\"mundo\",\"url\":\"https:\/\/www.mundoagropecuario.cl\/new\/author\/mundo\/\"}]}<\/script>\n<!-- \/ Yoast SEO plugin. -->","yoast_head_json":{"title":"La mayor\u00eda de los incendios forestales en Chile son por causa humana - Mundoagropecuario","robots":{"index":"index","follow":"follow","max-snippet":"max-snippet:-1","max-image-preview":"max-image-preview:large","max-video-preview":"max-video-preview:-1"},"canonical":"https:\/\/www.mundoagropecuario.cl\/new\/la-mayoria-de-los-incendios-forestales-en-chile-son-por-causa-humana\/","og_locale":"es_ES","og_type":"article","og_title":"La mayor\u00eda de los incendios forestales en Chile son por causa humana - Mundoagropecuario","og_description":"Los \u00faltimos d\u00edas en Chile se ha declarado alerta roja de incendios en tres regiones: Valpara\u00edso, Maule y O\u00b4Higgins. Acad\u00e9micos UC explican que las condiciones clim\u00e1ticas actuales favorecen que los...","og_url":"https:\/\/www.mundoagropecuario.cl\/new\/la-mayoria-de-los-incendios-forestales-en-chile-son-por-causa-humana\/","og_site_name":"Mundoagropecuario","article_publisher":"https:\/\/www.facebook.com\/mundo.agropecuario.3","article_published_time":"2019-01-07T13:28:53+00:00","og_image":[{"width":858,"height":572,"url":"https:\/\/www.mundoagropecuario.cl\/new\/wp-content\/uploads\/2019\/01\/colina-incendio.jpeg","type":"image\/jpeg"}],"author":"mundo","twitter_card":"summary_large_image","twitter_creator":"@MundoAgropecuar","twitter_site":"@MundoAgropecuar","twitter_misc":{"Escrito por":"mundo","Tiempo de lectura":"3 minutos"},"schema":{"@context":"https:\/\/schema.org","@graph":[{"@type":"Article","@id":"https:\/\/www.mundoagropecuario.cl\/new\/la-mayoria-de-los-incendios-forestales-en-chile-son-por-causa-humana\/#article","isPartOf":{"@id":"https:\/\/www.mundoagropecuario.cl\/new\/la-mayoria-de-los-incendios-forestales-en-chile-son-por-causa-humana\/"},"author":{"name":"mundo","@id":"https:\/\/www.mundoagropecuario.cl\/new\/#\/schema\/person\/4e9f74a82a7dac260eb1c44b7eebeb18"},"headline":"La mayor\u00eda de los incendios forestales en Chile son por causa humana","datePublished":"2019-01-07T13:28:53+00:00","mainEntityOfPage":{"@id":"https:\/\/www.mundoagropecuario.cl\/new\/la-mayoria-de-los-incendios-forestales-en-chile-son-por-causa-humana\/"},"wordCount":574,"publisher":{"@id":"https:\/\/www.mundoagropecuario.cl\/new\/#organization"},"image":{"@id":"https:\/\/www.mundoagropecuario.cl\/new\/la-mayoria-de-los-incendios-forestales-en-chile-son-por-causa-humana\/#primaryimage"},"thumbnailUrl":"https:\/\/www.mundoagropecuario.cl\/new\/wp-content\/uploads\/2019\/01\/colina-incendio.jpeg","keywords":["incendios","incendios forestales"],"articleSection":["Forestal"],"inLanguage":"es"},{"@type":"WebPage","@id":"https:\/\/www.mundoagropecuario.cl\/new\/la-mayoria-de-los-incendios-forestales-en-chile-son-por-causa-humana\/","url":"https:\/\/www.mundoagropecuario.cl\/new\/la-mayoria-de-los-incendios-forestales-en-chile-son-por-causa-humana\/","name":"La mayor\u00eda de los incendios forestales en Chile son por causa humana - Mundoagropecuario","isPartOf":{"@id":"https:\/\/www.mundoagropecuario.cl\/new\/#website"},"primaryImageOfPage":{"@id":"https:\/\/www.mundoagropecuario.cl\/new\/la-mayoria-de-los-incendios-forestales-en-chile-son-por-causa-humana\/#primaryimage"},"image":{"@id":"https:\/\/www.mundoagropecuario.cl\/new\/la-mayoria-de-los-incendios-forestales-en-chile-son-por-causa-humana\/#primaryimage"},"thumbnailUrl":"https:\/\/www.mundoagropecuario.cl\/new\/wp-content\/uploads\/2019\/01\/colina-incendio.jpeg","datePublished":"2019-01-07T13:28:53+00:00","breadcrumb":{"@id":"https:\/\/www.mundoagropecuario.cl\/new\/la-mayoria-de-los-incendios-forestales-en-chile-son-por-causa-humana\/#breadcrumb"},"inLanguage":"es","potentialAction":[{"@type":"ReadAction","target":["https:\/\/www.mundoagropecuario.cl\/new\/la-mayoria-de-los-incendios-forestales-en-chile-son-por-causa-humana\/"]}]},{"@type":"ImageObject","inLanguage":"es","@id":"https:\/\/www.mundoagropecuario.cl\/new\/la-mayoria-de-los-incendios-forestales-en-chile-son-por-causa-humana\/#primaryimage","url":"https:\/\/www.mundoagropecuario.cl\/new\/wp-content\/uploads\/2019\/01\/colina-incendio.jpeg","contentUrl":"https:\/\/www.mundoagropecuario.cl\/new\/wp-content\/uploads\/2019\/01\/colina-incendio.jpeg","width":600,"height":400},{"@type":"BreadcrumbList","@id":"https:\/\/www.mundoagropecuario.cl\/new\/la-mayoria-de-los-incendios-forestales-en-chile-son-por-causa-humana\/#breadcrumb","itemListElement":[{"@type":"ListItem","position":1,"name":"Portada","item":"https:\/\/www.mundoagropecuario.cl\/new\/"},{"@type":"ListItem","position":2,"name":"La mayor\u00eda de los incendios forestales en Chile son por causa humana"}]},{"@type":"WebSite","@id":"https:\/\/www.mundoagropecuario.cl\/new\/#website","url":"https:\/\/www.mundoagropecuario.cl\/new\/","name":"Mundoagropecuario","description":"Mundo Agropecuario","publisher":{"@id":"https:\/\/www.mundoagropecuario.cl\/new\/#organization"},"potentialAction":[{"@type":"SearchAction","target":{"@type":"EntryPoint","urlTemplate":"https:\/\/www.mundoagropecuario.cl\/new\/?s={search_term_string}"},"query-input":{"@type":"PropertyValueSpecification","valueRequired":true,"valueName":"search_term_string"}}],"inLanguage":"es"},{"@type":"Organization","@id":"https:\/\/www.mundoagropecuario.cl\/new\/#organization","name":"Revista de Agricultura","url":"https:\/\/www.mundoagropecuario.cl\/new\/","logo":{"@type":"ImageObject","inLanguage":"es","@id":"https:\/\/www.mundoagropecuario.cl\/new\/#\/schema\/logo\/image\/","url":"https:\/\/www.mundoagropecuario.cl\/new\/wp-content\/uploads\/2020\/11\/PORTAL-1-1.png","contentUrl":"https:\/\/www.mundoagropecuario.cl\/new\/wp-content\/uploads\/2020\/11\/PORTAL-1-1.png","width":1026,"height":100,"caption":"Revista de Agricultura"},"image":{"@id":"https:\/\/www.mundoagropecuario.cl\/new\/#\/schema\/logo\/image\/"},"sameAs":["https:\/\/www.facebook.com\/mundo.agropecuario.3","https:\/\/x.com\/MundoAgropecuar","https:\/\/www.linkedin.com\/in\/mundo-agropecuario-934009201\/"]},{"@type":"Person","@id":"https:\/\/www.mundoagropecuario.cl\/new\/#\/schema\/person\/4e9f74a82a7dac260eb1c44b7eebeb18","name":"mundo","url":"https:\/\/www.mundoagropecuario.cl\/new\/author\/mundo\/"}]}},"_links":{"self":[{"href":"https:\/\/www.mundoagropecuario.cl\/new\/wp-json\/wp\/v2\/posts\/10225","targetHints":{"allow":["GET"]}}],"collection":[{"href":"https:\/\/www.mundoagropecuario.cl\/new\/wp-json\/wp\/v2\/posts"}],"about":[{"href":"https:\/\/www.mundoagropecuario.cl\/new\/wp-json\/wp\/v2\/types\/post"}],"author":[{"embeddable":true,"href":"https:\/\/www.mundoagropecuario.cl\/new\/wp-json\/wp\/v2\/users\/2"}],"replies":[{"embeddable":true,"href":"https:\/\/www.mundoagropecuario.cl\/new\/wp-json\/wp\/v2\/comments?post=10225"}],"version-history":[{"count":1,"href":"https:\/\/www.mundoagropecuario.cl\/new\/wp-json\/wp\/v2\/posts\/10225\/revisions"}],"predecessor-version":[{"id":10228,"href":"https:\/\/www.mundoagropecuario.cl\/new\/wp-json\/wp\/v2\/posts\/10225\/revisions\/10228"}],"wp:featuredmedia":[{"embeddable":true,"href":"https:\/\/www.mundoagropecuario.cl\/new\/wp-json\/wp\/v2\/media\/10227"}],"wp:attachment":[{"href":"https:\/\/www.mundoagropecuario.cl\/new\/wp-json\/wp\/v2\/media?parent=10225"}],"wp:term":[{"taxonomy":"category","embeddable":true,"href":"https:\/\/www.mundoagropecuario.cl\/new\/wp-json\/wp\/v2\/categories?post=10225"},{"taxonomy":"post_tag","embeddable":true,"href":"https:\/\/www.mundoagropecuario.cl\/new\/wp-json\/wp\/v2\/tags?post=10225"}],"curies":[{"name":"wp","href":"https:\/\/api.w.org\/{rel}","templated":true}]}}