{"id":10178,"date":"2019-01-03T12:04:07","date_gmt":"2019-01-03T15:04:07","guid":{"rendered":"http:\/\/www.mundoagropecuario.cl\/new\/?p=10178"},"modified":"2019-01-03T12:04:07","modified_gmt":"2019-01-03T15:04:07","slug":"incendios-forestales-al-alza-en-la-region-de-nuble","status":"publish","type":"post","link":"https:\/\/www.mundoagropecuario.cl\/new\/incendios-forestales-al-alza-en-la-region-de-nuble\/","title":{"rendered":"Incendios forestales al alza en la regi\u00f3n de \u00d1uble"},"content":{"rendered":"<blockquote><p><em>Respecto al per\u00edodo, desde CONAF informaron que desde septiembre a la fecha se han registrado 65 emergencias con una superficie afectada de m\u00e1s de 200 hect\u00e1reas (La Discusi\u00f3n).<\/em><\/p><\/blockquote>\n<p>Dos incendios forestales activos se mantienen en la regi\u00f3n de \u00d1uble, de acuerdo al reporte entregado por la Corporaci\u00f3n Nacional Forestal (CONAF).<\/p>\n<p>Se trata de emergencias que se desarrollan en San Carlos, con 30 hect\u00e1reas y en el que trabajan 2 brigadas y otra en el sector Dadinco de Chill\u00e1n en el que trabajan brigadistas de Conaf, Bomberos y las forestales Mininco y Masisa.<\/p>\n<p>El n\u00famero es levemente superior a lo registrado en el mismo per\u00edodo de 2017 y 2018, cuando se anotaron 62 incendios.<\/p>\n<p>Una de las particularidades de esta temporada es la implementaci\u00f3n del denominado &#8220;Golpe \u00danico&#8221;. Mediante esta t\u00e9cnica, se disponen de todos los recursos para extinguir un incendio cualquiera sea su proporci\u00f3n, a fin de evitar su propagaci\u00f3n.<\/p>\n<p>Cabe recordar que, durante las \u00faltimas horas, en Pemuco las llamas consumieron m\u00e1s de 180 hect\u00e1reas, mientras otras emergencias se concentraron en San Nicol\u00e1s y Quill\u00f3n.<\/p>\n<p>Por ello es que la Onemi mantiene Alerta Temprana Preventiva por incendios forestales para la regi\u00f3n de \u00d1uble, debido a las altas temperaturas y el viento que existir\u00e1n en la zona durante los pr\u00f3ximos d\u00edas, condiciones que favorecen la ocurrencia de este tipo de emergencias.<\/p>\n<p>Desde la instituci\u00f3n recalcaron la importancia de denunciar situaciones an\u00f3malas o bien dar cuenta de incendios forestales, independiente de su extensi\u00f3n, a trav\u00e9s del n\u00famero 130.<\/p>\n<p>&nbsp;<\/p>\n<p>&nbsp;<\/p>\n<p>&nbsp;<\/p>\n","protected":false},"excerpt":{"rendered":"<p>Respecto al per\u00edodo, desde CONAF informaron que desde septiembre a la fecha se han registrado 65 emergencias con una superficie afectada de m\u00e1s de 200 hect\u00e1reas (La Discusi\u00f3n). Dos incendios&#8230;<\/p>\n","protected":false},"author":2,"featured_media":10179,"comment_status":"closed","ping_status":"closed","sticky":false,"template":"","format":"standard","meta":{"footnotes":""},"categories":[1949],"tags":[876,2238,3079,1151],"class_list":["post-10178","post","type-post","status-publish","format-standard","has-post-thumbnail","hentry","category-forestal","tag-conaf","tag-forestal","tag-incendios","tag-nuble"],"yoast_head":"<!-- This site is optimized with the Yoast SEO plugin v26.6 - https:\/\/yoast.com\/wordpress\/plugins\/seo\/ -->\n<title>Incendios forestales al alza en la regi\u00f3n de \u00d1uble - Mundoagropecuario<\/title>\n<meta name=\"robots\" content=\"index, follow, max-snippet:-1, max-image-preview:large, max-video-preview:-1\" \/>\n<link rel=\"canonical\" href=\"https:\/\/www.mundoagropecuario.cl\/new\/incendios-forestales-al-alza-en-la-region-de-nuble\/\" \/>\n<meta property=\"og:locale\" content=\"es_ES\" \/>\n<meta property=\"og:type\" content=\"article\" \/>\n<meta property=\"og:title\" content=\"Incendios forestales al alza en la regi\u00f3n de \u00d1uble - Mundoagropecuario\" \/>\n<meta property=\"og:description\" content=\"Respecto al per\u00edodo, desde CONAF informaron que desde septiembre a la fecha se han registrado 65 emergencias con una superficie afectada de m\u00e1s de 200 hect\u00e1reas (La Discusi\u00f3n). Dos incendios...\" \/>\n<meta property=\"og:url\" content=\"https:\/\/www.mundoagropecuario.cl\/new\/incendios-forestales-al-alza-en-la-region-de-nuble\/\" \/>\n<meta property=\"og:site_name\" content=\"Mundoagropecuario\" \/>\n<meta property=\"article:publisher\" content=\"https:\/\/www.facebook.com\/mundo.agropecuario.3\" \/>\n<meta property=\"article:published_time\" content=\"2019-01-03T15:04:07+00:00\" \/>\n<meta property=\"og:image\" content=\"https:\/\/www.mundoagropecuario.cl\/new\/wp-content\/uploads\/2019\/01\/\u00f1uble.jpg\" \/>\n\t<meta property=\"og:image:width\" content=\"646\" \/>\n\t<meta property=\"og:image:height\" content=\"362\" \/>\n\t<meta property=\"og:image:type\" content=\"image\/jpeg\" \/>\n<meta name=\"author\" content=\"mundo\" \/>\n<meta name=\"twitter:card\" content=\"summary_large_image\" \/>\n<meta name=\"twitter:creator\" content=\"@MundoAgropecuar\" \/>\n<meta name=\"twitter:site\" content=\"@MundoAgropecuar\" \/>\n<meta name=\"twitter:label1\" content=\"Escrito por\" \/>\n\t<meta name=\"twitter:data1\" content=\"mundo\" \/>\n\t<meta name=\"twitter:label2\" content=\"Tiempo de lectura\" \/>\n\t<meta name=\"twitter:data2\" content=\"1 minuto\" \/>\n<script type=\"application\/ld+json\" class=\"yoast-schema-graph\">{\"@context\":\"https:\/\/schema.org\",\"@graph\":[{\"@type\":\"Article\",\"@id\":\"https:\/\/www.mundoagropecuario.cl\/new\/incendios-forestales-al-alza-en-la-region-de-nuble\/#article\",\"isPartOf\":{\"@id\":\"https:\/\/www.mundoagropecuario.cl\/new\/incendios-forestales-al-alza-en-la-region-de-nuble\/\"},\"author\":{\"name\":\"mundo\",\"@id\":\"https:\/\/www.mundoagropecuario.cl\/new\/#\/schema\/person\/4e9f74a82a7dac260eb1c44b7eebeb18\"},\"headline\":\"Incendios forestales al alza en la regi\u00f3n de \u00d1uble\",\"datePublished\":\"2019-01-03T15:04:07+00:00\",\"mainEntityOfPage\":{\"@id\":\"https:\/\/www.mundoagropecuario.cl\/new\/incendios-forestales-al-alza-en-la-region-de-nuble\/\"},\"wordCount\":278,\"publisher\":{\"@id\":\"https:\/\/www.mundoagropecuario.cl\/new\/#organization\"},\"image\":{\"@id\":\"https:\/\/www.mundoagropecuario.cl\/new\/incendios-forestales-al-alza-en-la-region-de-nuble\/#primaryimage\"},\"thumbnailUrl\":\"https:\/\/www.mundoagropecuario.cl\/new\/wp-content\/uploads\/2019\/01\/\u00f1uble.jpg\",\"keywords\":[\"Conaf\",\"Forestal\",\"incendios\",\"\u00d1uble\"],\"articleSection\":[\"Forestal\"],\"inLanguage\":\"es\"},{\"@type\":\"WebPage\",\"@id\":\"https:\/\/www.mundoagropecuario.cl\/new\/incendios-forestales-al-alza-en-la-region-de-nuble\/\",\"url\":\"https:\/\/www.mundoagropecuario.cl\/new\/incendios-forestales-al-alza-en-la-region-de-nuble\/\",\"name\":\"Incendios forestales al alza en la regi\u00f3n de \u00d1uble - Mundoagropecuario\",\"isPartOf\":{\"@id\":\"https:\/\/www.mundoagropecuario.cl\/new\/#website\"},\"primaryImageOfPage\":{\"@id\":\"https:\/\/www.mundoagropecuario.cl\/new\/incendios-forestales-al-alza-en-la-region-de-nuble\/#primaryimage\"},\"image\":{\"@id\":\"https:\/\/www.mundoagropecuario.cl\/new\/incendios-forestales-al-alza-en-la-region-de-nuble\/#primaryimage\"},\"thumbnailUrl\":\"https:\/\/www.mundoagropecuario.cl\/new\/wp-content\/uploads\/2019\/01\/\u00f1uble.jpg\",\"datePublished\":\"2019-01-03T15:04:07+00:00\",\"breadcrumb\":{\"@id\":\"https:\/\/www.mundoagropecuario.cl\/new\/incendios-forestales-al-alza-en-la-region-de-nuble\/#breadcrumb\"},\"inLanguage\":\"es\",\"potentialAction\":[{\"@type\":\"ReadAction\",\"target\":[\"https:\/\/www.mundoagropecuario.cl\/new\/incendios-forestales-al-alza-en-la-region-de-nuble\/\"]}]},{\"@type\":\"ImageObject\",\"inLanguage\":\"es\",\"@id\":\"https:\/\/www.mundoagropecuario.cl\/new\/incendios-forestales-al-alza-en-la-region-de-nuble\/#primaryimage\",\"url\":\"https:\/\/www.mundoagropecuario.cl\/new\/wp-content\/uploads\/2019\/01\/\u00f1uble.jpg\",\"contentUrl\":\"https:\/\/www.mundoagropecuario.cl\/new\/wp-content\/uploads\/2019\/01\/\u00f1uble.jpg\",\"width\":646,\"height\":362},{\"@type\":\"BreadcrumbList\",\"@id\":\"https:\/\/www.mundoagropecuario.cl\/new\/incendios-forestales-al-alza-en-la-region-de-nuble\/#breadcrumb\",\"itemListElement\":[{\"@type\":\"ListItem\",\"position\":1,\"name\":\"Portada\",\"item\":\"https:\/\/www.mundoagropecuario.cl\/new\/\"},{\"@type\":\"ListItem\",\"position\":2,\"name\":\"Incendios forestales al alza en la regi\u00f3n de \u00d1uble\"}]},{\"@type\":\"WebSite\",\"@id\":\"https:\/\/www.mundoagropecuario.cl\/new\/#website\",\"url\":\"https:\/\/www.mundoagropecuario.cl\/new\/\",\"name\":\"Mundoagropecuario\",\"description\":\"Mundo Agropecuario\",\"publisher\":{\"@id\":\"https:\/\/www.mundoagropecuario.cl\/new\/#organization\"},\"potentialAction\":[{\"@type\":\"SearchAction\",\"target\":{\"@type\":\"EntryPoint\",\"urlTemplate\":\"https:\/\/www.mundoagropecuario.cl\/new\/?s={search_term_string}\"},\"query-input\":{\"@type\":\"PropertyValueSpecification\",\"valueRequired\":true,\"valueName\":\"search_term_string\"}}],\"inLanguage\":\"es\"},{\"@type\":\"Organization\",\"@id\":\"https:\/\/www.mundoagropecuario.cl\/new\/#organization\",\"name\":\"Revista de Agricultura\",\"url\":\"https:\/\/www.mundoagropecuario.cl\/new\/\",\"logo\":{\"@type\":\"ImageObject\",\"inLanguage\":\"es\",\"@id\":\"https:\/\/www.mundoagropecuario.cl\/new\/#\/schema\/logo\/image\/\",\"url\":\"https:\/\/www.mundoagropecuario.cl\/new\/wp-content\/uploads\/2020\/11\/PORTAL-1-1.png\",\"contentUrl\":\"https:\/\/www.mundoagropecuario.cl\/new\/wp-content\/uploads\/2020\/11\/PORTAL-1-1.png\",\"width\":1026,\"height\":100,\"caption\":\"Revista de Agricultura\"},\"image\":{\"@id\":\"https:\/\/www.mundoagropecuario.cl\/new\/#\/schema\/logo\/image\/\"},\"sameAs\":[\"https:\/\/www.facebook.com\/mundo.agropecuario.3\",\"https:\/\/x.com\/MundoAgropecuar\",\"https:\/\/www.linkedin.com\/in\/mundo-agropecuario-934009201\/\"]},{\"@type\":\"Person\",\"@id\":\"https:\/\/www.mundoagropecuario.cl\/new\/#\/schema\/person\/4e9f74a82a7dac260eb1c44b7eebeb18\",\"name\":\"mundo\",\"url\":\"https:\/\/www.mundoagropecuario.cl\/new\/author\/mundo\/\"}]}<\/script>\n<!-- \/ Yoast SEO plugin. -->","yoast_head_json":{"title":"Incendios forestales al alza en la regi\u00f3n de \u00d1uble - Mundoagropecuario","robots":{"index":"index","follow":"follow","max-snippet":"max-snippet:-1","max-image-preview":"max-image-preview:large","max-video-preview":"max-video-preview:-1"},"canonical":"https:\/\/www.mundoagropecuario.cl\/new\/incendios-forestales-al-alza-en-la-region-de-nuble\/","og_locale":"es_ES","og_type":"article","og_title":"Incendios forestales al alza en la regi\u00f3n de \u00d1uble - Mundoagropecuario","og_description":"Respecto al per\u00edodo, desde CONAF informaron que desde septiembre a la fecha se han registrado 65 emergencias con una superficie afectada de m\u00e1s de 200 hect\u00e1reas (La Discusi\u00f3n). Dos incendios...","og_url":"https:\/\/www.mundoagropecuario.cl\/new\/incendios-forestales-al-alza-en-la-region-de-nuble\/","og_site_name":"Mundoagropecuario","article_publisher":"https:\/\/www.facebook.com\/mundo.agropecuario.3","article_published_time":"2019-01-03T15:04:07+00:00","og_image":[{"width":646,"height":362,"url":"https:\/\/www.mundoagropecuario.cl\/new\/wp-content\/uploads\/2019\/01\/\u00f1uble.jpg","type":"image\/jpeg"}],"author":"mundo","twitter_card":"summary_large_image","twitter_creator":"@MundoAgropecuar","twitter_site":"@MundoAgropecuar","twitter_misc":{"Escrito por":"mundo","Tiempo de lectura":"1 minuto"},"schema":{"@context":"https:\/\/schema.org","@graph":[{"@type":"Article","@id":"https:\/\/www.mundoagropecuario.cl\/new\/incendios-forestales-al-alza-en-la-region-de-nuble\/#article","isPartOf":{"@id":"https:\/\/www.mundoagropecuario.cl\/new\/incendios-forestales-al-alza-en-la-region-de-nuble\/"},"author":{"name":"mundo","@id":"https:\/\/www.mundoagropecuario.cl\/new\/#\/schema\/person\/4e9f74a82a7dac260eb1c44b7eebeb18"},"headline":"Incendios forestales al alza en la regi\u00f3n de \u00d1uble","datePublished":"2019-01-03T15:04:07+00:00","mainEntityOfPage":{"@id":"https:\/\/www.mundoagropecuario.cl\/new\/incendios-forestales-al-alza-en-la-region-de-nuble\/"},"wordCount":278,"publisher":{"@id":"https:\/\/www.mundoagropecuario.cl\/new\/#organization"},"image":{"@id":"https:\/\/www.mundoagropecuario.cl\/new\/incendios-forestales-al-alza-en-la-region-de-nuble\/#primaryimage"},"thumbnailUrl":"https:\/\/www.mundoagropecuario.cl\/new\/wp-content\/uploads\/2019\/01\/\u00f1uble.jpg","keywords":["Conaf","Forestal","incendios","\u00d1uble"],"articleSection":["Forestal"],"inLanguage":"es"},{"@type":"WebPage","@id":"https:\/\/www.mundoagropecuario.cl\/new\/incendios-forestales-al-alza-en-la-region-de-nuble\/","url":"https:\/\/www.mundoagropecuario.cl\/new\/incendios-forestales-al-alza-en-la-region-de-nuble\/","name":"Incendios forestales al alza en la regi\u00f3n de \u00d1uble - Mundoagropecuario","isPartOf":{"@id":"https:\/\/www.mundoagropecuario.cl\/new\/#website"},"primaryImageOfPage":{"@id":"https:\/\/www.mundoagropecuario.cl\/new\/incendios-forestales-al-alza-en-la-region-de-nuble\/#primaryimage"},"image":{"@id":"https:\/\/www.mundoagropecuario.cl\/new\/incendios-forestales-al-alza-en-la-region-de-nuble\/#primaryimage"},"thumbnailUrl":"https:\/\/www.mundoagropecuario.cl\/new\/wp-content\/uploads\/2019\/01\/\u00f1uble.jpg","datePublished":"2019-01-03T15:04:07+00:00","breadcrumb":{"@id":"https:\/\/www.mundoagropecuario.cl\/new\/incendios-forestales-al-alza-en-la-region-de-nuble\/#breadcrumb"},"inLanguage":"es","potentialAction":[{"@type":"ReadAction","target":["https:\/\/www.mundoagropecuario.cl\/new\/incendios-forestales-al-alza-en-la-region-de-nuble\/"]}]},{"@type":"ImageObject","inLanguage":"es","@id":"https:\/\/www.mundoagropecuario.cl\/new\/incendios-forestales-al-alza-en-la-region-de-nuble\/#primaryimage","url":"https:\/\/www.mundoagropecuario.cl\/new\/wp-content\/uploads\/2019\/01\/\u00f1uble.jpg","contentUrl":"https:\/\/www.mundoagropecuario.cl\/new\/wp-content\/uploads\/2019\/01\/\u00f1uble.jpg","width":646,"height":362},{"@type":"BreadcrumbList","@id":"https:\/\/www.mundoagropecuario.cl\/new\/incendios-forestales-al-alza-en-la-region-de-nuble\/#breadcrumb","itemListElement":[{"@type":"ListItem","position":1,"name":"Portada","item":"https:\/\/www.mundoagropecuario.cl\/new\/"},{"@type":"ListItem","position":2,"name":"Incendios forestales al alza en la regi\u00f3n de \u00d1uble"}]},{"@type":"WebSite","@id":"https:\/\/www.mundoagropecuario.cl\/new\/#website","url":"https:\/\/www.mundoagropecuario.cl\/new\/","name":"Mundoagropecuario","description":"Mundo Agropecuario","publisher":{"@id":"https:\/\/www.mundoagropecuario.cl\/new\/#organization"},"potentialAction":[{"@type":"SearchAction","target":{"@type":"EntryPoint","urlTemplate":"https:\/\/www.mundoagropecuario.cl\/new\/?s={search_term_string}"},"query-input":{"@type":"PropertyValueSpecification","valueRequired":true,"valueName":"search_term_string"}}],"inLanguage":"es"},{"@type":"Organization","@id":"https:\/\/www.mundoagropecuario.cl\/new\/#organization","name":"Revista de Agricultura","url":"https:\/\/www.mundoagropecuario.cl\/new\/","logo":{"@type":"ImageObject","inLanguage":"es","@id":"https:\/\/www.mundoagropecuario.cl\/new\/#\/schema\/logo\/image\/","url":"https:\/\/www.mundoagropecuario.cl\/new\/wp-content\/uploads\/2020\/11\/PORTAL-1-1.png","contentUrl":"https:\/\/www.mundoagropecuario.cl\/new\/wp-content\/uploads\/2020\/11\/PORTAL-1-1.png","width":1026,"height":100,"caption":"Revista de Agricultura"},"image":{"@id":"https:\/\/www.mundoagropecuario.cl\/new\/#\/schema\/logo\/image\/"},"sameAs":["https:\/\/www.facebook.com\/mundo.agropecuario.3","https:\/\/x.com\/MundoAgropecuar","https:\/\/www.linkedin.com\/in\/mundo-agropecuario-934009201\/"]},{"@type":"Person","@id":"https:\/\/www.mundoagropecuario.cl\/new\/#\/schema\/person\/4e9f74a82a7dac260eb1c44b7eebeb18","name":"mundo","url":"https:\/\/www.mundoagropecuario.cl\/new\/author\/mundo\/"}]}},"_links":{"self":[{"href":"https:\/\/www.mundoagropecuario.cl\/new\/wp-json\/wp\/v2\/posts\/10178","targetHints":{"allow":["GET"]}}],"collection":[{"href":"https:\/\/www.mundoagropecuario.cl\/new\/wp-json\/wp\/v2\/posts"}],"about":[{"href":"https:\/\/www.mundoagropecuario.cl\/new\/wp-json\/wp\/v2\/types\/post"}],"author":[{"embeddable":true,"href":"https:\/\/www.mundoagropecuario.cl\/new\/wp-json\/wp\/v2\/users\/2"}],"replies":[{"embeddable":true,"href":"https:\/\/www.mundoagropecuario.cl\/new\/wp-json\/wp\/v2\/comments?post=10178"}],"version-history":[{"count":1,"href":"https:\/\/www.mundoagropecuario.cl\/new\/wp-json\/wp\/v2\/posts\/10178\/revisions"}],"predecessor-version":[{"id":10180,"href":"https:\/\/www.mundoagropecuario.cl\/new\/wp-json\/wp\/v2\/posts\/10178\/revisions\/10180"}],"wp:featuredmedia":[{"embeddable":true,"href":"https:\/\/www.mundoagropecuario.cl\/new\/wp-json\/wp\/v2\/media\/10179"}],"wp:attachment":[{"href":"https:\/\/www.mundoagropecuario.cl\/new\/wp-json\/wp\/v2\/media?parent=10178"}],"wp:term":[{"taxonomy":"category","embeddable":true,"href":"https:\/\/www.mundoagropecuario.cl\/new\/wp-json\/wp\/v2\/categories?post=10178"},{"taxonomy":"post_tag","embeddable":true,"href":"https:\/\/www.mundoagropecuario.cl\/new\/wp-json\/wp\/v2\/tags?post=10178"}],"curies":[{"name":"wp","href":"https:\/\/api.w.org\/{rel}","templated":true}]}}