{"id":10133,"date":"2018-12-28T02:43:16","date_gmt":"2018-12-28T05:43:16","guid":{"rendered":"http:\/\/www.mundoagropecuario.cl\/new\/?p=10133"},"modified":"2018-12-28T02:43:16","modified_gmt":"2018-12-28T05:43:16","slug":"inia-incorporara-22-nuevos-investigadores-para-fortalecer-el-equipo-de-trabajo-en-id","status":"publish","type":"post","link":"https:\/\/www.mundoagropecuario.cl\/new\/inia-incorporara-22-nuevos-investigadores-para-fortalecer-el-equipo-de-trabajo-en-id\/","title":{"rendered":"INIA incorporar\u00e1 22 nuevos investigadores para fortalecer el equipo de trabajo en I+D"},"content":{"rendered":"<blockquote><p><em>En una primera instancia, este plan considera la incorporaci\u00f3n de 22 investigadores, quienes iniciar\u00e1n sus funciones durante el primer trimestre de 2019 (Mundo Agropecuario).<\/em><\/p><\/blockquote>\n<p>El Consejo Directivo del Instituto de Investigaciones Agropecuarias (INIA), presidido por el Ministro de Agricultura, Antonio Walker, aprob\u00f3 el Plan de Fortalecimiento Institucional en I+D, con el objetivo de robustecer el aporte de INIA al sector agroalimentario nacional. En una primera instancia, este plan considera la incorporaci\u00f3n de 22 investigadores, quienes iniciar\u00e1n sus funciones durante el primer trimestre de 2019.<\/p>\n<p>Para el Ministerio de Agricultura, el desaf\u00edo pa\u00eds 2018-2022 es desarrollar un sector agroalimentario competitivo, innovador, moderno y sustentable, comprometido con el desarrollo rural y regional. El INIA, como instituto de investigaci\u00f3n, cumple un rol fundamental para alcanzar dicho prop\u00f3sito, por lo que el fortalecimiento del capital humano en I+D permitir\u00e1 profundizar el trabajo que la instituci\u00f3n ha definido dentro de los siguientes ejes tem\u00e1ticos: Cambio Clim\u00e1tico, Sustentabilidad, Alimentos del Futuro, Tecnolog\u00edas Emergentes, y Transferencia y Formaci\u00f3n de Capacidades.<\/p>\n<p>Al respecto, el Director Nacional de INIA, Pedro Bustos, se\u00f1al\u00f3 que \u201cla aprobaci\u00f3n del Plan por parte del Consejo constituye un gran hito para la instituci\u00f3n y para esta administraci\u00f3n. Este viene a coronar un intenso proceso interno que iniciamos en agosto de 2018 a nivel nacional, cuyo objetivo fue focalizar y priorizar las acciones que INIA realiza para responder a la demanda del entorno, con una mirada macrozonal y visi\u00f3n de futuro 2030\u201d. La autoridad agreg\u00f3 que \u201cestamos muy contentos, porque esta es una gran noticia para el Instituto. Hace muchos a\u00f1os no se implementaba un plan de fortalecimiento en capital humano en I+D de esta magnitud\u201d.<\/p>\n<p>Por su parte, Marta Alfaro, Subdirectora Nacional de Investigaci\u00f3n y Desarrollo de INIA, agreg\u00f3 que \u201cel quehacer de INIA en I+D tiene un foco local, esto es que da respuestas a los desaf\u00edos contingentes del sector, pero adem\u00e1s deseamos que sea de relevancia mundial, generando conocimientos y tecnolog\u00edas estrat\u00e9gicas para el desarrollo de un sector agroalimentario sostenible y altamente competitivo\u201d, concluy\u00f3.<\/p>\n<p>Entre diciembre de 2018 y enero de 2019 se publicar\u00e1n los llamados a concurso para completar estas 22 vacantes. Para quienes est\u00e9n interesados en ser parte de la instituci\u00f3n, se invita a revisar la web de INIA <a href=\"https:\/\/inia.trabajando.cl\/\">https:\/\/inia.trabajando.cl\/<\/a><\/p>\n","protected":false},"excerpt":{"rendered":"<p>En una primera instancia, este plan considera la incorporaci\u00f3n de 22 investigadores, quienes iniciar\u00e1n sus funciones durante el primer trimestre de 2019 (Mundo Agropecuario). El Consejo Directivo del Instituto de&#8230;<\/p>\n","protected":false},"author":2,"featured_media":10134,"comment_status":"closed","ping_status":"closed","sticky":false,"template":"","format":"standard","meta":{"footnotes":""},"categories":[398],"tags":[3114,2052,3115],"class_list":["post-10133","post","type-post","status-publish","format-standard","has-post-thumbnail","hentry","category-titular-1","tag-id","tag-inia","tag-investigadores"],"yoast_head":"<!-- This site is optimized with the Yoast SEO plugin v26.6 - https:\/\/yoast.com\/wordpress\/plugins\/seo\/ -->\n<title>INIA incorporar\u00e1 22 nuevos investigadores para fortalecer el equipo de trabajo en I+D - Mundoagropecuario<\/title>\n<meta name=\"robots\" content=\"index, follow, max-snippet:-1, max-image-preview:large, max-video-preview:-1\" \/>\n<link rel=\"canonical\" href=\"https:\/\/www.mundoagropecuario.cl\/new\/inia-incorporara-22-nuevos-investigadores-para-fortalecer-el-equipo-de-trabajo-en-id\/\" \/>\n<meta property=\"og:locale\" content=\"es_ES\" \/>\n<meta property=\"og:type\" content=\"article\" \/>\n<meta property=\"og:title\" content=\"INIA incorporar\u00e1 22 nuevos investigadores para fortalecer el equipo de trabajo en I+D - Mundoagropecuario\" \/>\n<meta property=\"og:description\" content=\"En una primera instancia, este plan considera la incorporaci\u00f3n de 22 investigadores, quienes iniciar\u00e1n sus funciones durante el primer trimestre de 2019 (Mundo Agropecuario). El Consejo Directivo del Instituto de...\" \/>\n<meta property=\"og:url\" content=\"https:\/\/www.mundoagropecuario.cl\/new\/inia-incorporara-22-nuevos-investigadores-para-fortalecer-el-equipo-de-trabajo-en-id\/\" \/>\n<meta property=\"og:site_name\" content=\"Mundoagropecuario\" \/>\n<meta property=\"article:publisher\" content=\"https:\/\/www.facebook.com\/mundo.agropecuario.3\" \/>\n<meta property=\"article:published_time\" content=\"2018-12-28T05:43:16+00:00\" \/>\n<meta property=\"og:image\" content=\"https:\/\/www.mundoagropecuario.cl\/new\/wp-content\/uploads\/2018\/12\/INIA-ID.jpg\" \/>\n\t<meta property=\"og:image:width\" content=\"802\" \/>\n\t<meta property=\"og:image:height\" content=\"487\" \/>\n\t<meta property=\"og:image:type\" content=\"image\/jpeg\" \/>\n<meta name=\"author\" content=\"mundo\" \/>\n<meta name=\"twitter:card\" content=\"summary_large_image\" \/>\n<meta name=\"twitter:creator\" content=\"@MundoAgropecuar\" \/>\n<meta name=\"twitter:site\" content=\"@MundoAgropecuar\" \/>\n<meta name=\"twitter:label1\" content=\"Escrito por\" \/>\n\t<meta name=\"twitter:data1\" content=\"mundo\" \/>\n\t<meta name=\"twitter:label2\" content=\"Tiempo de lectura\" \/>\n\t<meta name=\"twitter:data2\" content=\"2 minutos\" \/>\n<script type=\"application\/ld+json\" class=\"yoast-schema-graph\">{\"@context\":\"https:\/\/schema.org\",\"@graph\":[{\"@type\":\"Article\",\"@id\":\"https:\/\/www.mundoagropecuario.cl\/new\/inia-incorporara-22-nuevos-investigadores-para-fortalecer-el-equipo-de-trabajo-en-id\/#article\",\"isPartOf\":{\"@id\":\"https:\/\/www.mundoagropecuario.cl\/new\/inia-incorporara-22-nuevos-investigadores-para-fortalecer-el-equipo-de-trabajo-en-id\/\"},\"author\":{\"name\":\"mundo\",\"@id\":\"https:\/\/www.mundoagropecuario.cl\/new\/#\/schema\/person\/4e9f74a82a7dac260eb1c44b7eebeb18\"},\"headline\":\"INIA incorporar\u00e1 22 nuevos investigadores para fortalecer el equipo de trabajo en I+D\",\"datePublished\":\"2018-12-28T05:43:16+00:00\",\"mainEntityOfPage\":{\"@id\":\"https:\/\/www.mundoagropecuario.cl\/new\/inia-incorporara-22-nuevos-investigadores-para-fortalecer-el-equipo-de-trabajo-en-id\/\"},\"wordCount\":408,\"publisher\":{\"@id\":\"https:\/\/www.mundoagropecuario.cl\/new\/#organization\"},\"image\":{\"@id\":\"https:\/\/www.mundoagropecuario.cl\/new\/inia-incorporara-22-nuevos-investigadores-para-fortalecer-el-equipo-de-trabajo-en-id\/#primaryimage\"},\"thumbnailUrl\":\"https:\/\/www.mundoagropecuario.cl\/new\/wp-content\/uploads\/2018\/12\/INIA-ID.jpg\",\"keywords\":[\"I+D\",\"INIA\",\"investigadores\"],\"articleSection\":[\"Titular 1\"],\"inLanguage\":\"es\"},{\"@type\":\"WebPage\",\"@id\":\"https:\/\/www.mundoagropecuario.cl\/new\/inia-incorporara-22-nuevos-investigadores-para-fortalecer-el-equipo-de-trabajo-en-id\/\",\"url\":\"https:\/\/www.mundoagropecuario.cl\/new\/inia-incorporara-22-nuevos-investigadores-para-fortalecer-el-equipo-de-trabajo-en-id\/\",\"name\":\"INIA incorporar\u00e1 22 nuevos investigadores para fortalecer el equipo de trabajo en I+D - Mundoagropecuario\",\"isPartOf\":{\"@id\":\"https:\/\/www.mundoagropecuario.cl\/new\/#website\"},\"primaryImageOfPage\":{\"@id\":\"https:\/\/www.mundoagropecuario.cl\/new\/inia-incorporara-22-nuevos-investigadores-para-fortalecer-el-equipo-de-trabajo-en-id\/#primaryimage\"},\"image\":{\"@id\":\"https:\/\/www.mundoagropecuario.cl\/new\/inia-incorporara-22-nuevos-investigadores-para-fortalecer-el-equipo-de-trabajo-en-id\/#primaryimage\"},\"thumbnailUrl\":\"https:\/\/www.mundoagropecuario.cl\/new\/wp-content\/uploads\/2018\/12\/INIA-ID.jpg\",\"datePublished\":\"2018-12-28T05:43:16+00:00\",\"breadcrumb\":{\"@id\":\"https:\/\/www.mundoagropecuario.cl\/new\/inia-incorporara-22-nuevos-investigadores-para-fortalecer-el-equipo-de-trabajo-en-id\/#breadcrumb\"},\"inLanguage\":\"es\",\"potentialAction\":[{\"@type\":\"ReadAction\",\"target\":[\"https:\/\/www.mundoagropecuario.cl\/new\/inia-incorporara-22-nuevos-investigadores-para-fortalecer-el-equipo-de-trabajo-en-id\/\"]}]},{\"@type\":\"ImageObject\",\"inLanguage\":\"es\",\"@id\":\"https:\/\/www.mundoagropecuario.cl\/new\/inia-incorporara-22-nuevos-investigadores-para-fortalecer-el-equipo-de-trabajo-en-id\/#primaryimage\",\"url\":\"https:\/\/www.mundoagropecuario.cl\/new\/wp-content\/uploads\/2018\/12\/INIA-ID.jpg\",\"contentUrl\":\"https:\/\/www.mundoagropecuario.cl\/new\/wp-content\/uploads\/2018\/12\/INIA-ID.jpg\",\"width\":659,\"height\":400},{\"@type\":\"BreadcrumbList\",\"@id\":\"https:\/\/www.mundoagropecuario.cl\/new\/inia-incorporara-22-nuevos-investigadores-para-fortalecer-el-equipo-de-trabajo-en-id\/#breadcrumb\",\"itemListElement\":[{\"@type\":\"ListItem\",\"position\":1,\"name\":\"Portada\",\"item\":\"https:\/\/www.mundoagropecuario.cl\/new\/\"},{\"@type\":\"ListItem\",\"position\":2,\"name\":\"INIA incorporar\u00e1 22 nuevos investigadores para fortalecer el equipo de trabajo en I+D\"}]},{\"@type\":\"WebSite\",\"@id\":\"https:\/\/www.mundoagropecuario.cl\/new\/#website\",\"url\":\"https:\/\/www.mundoagropecuario.cl\/new\/\",\"name\":\"Mundoagropecuario\",\"description\":\"Mundo Agropecuario\",\"publisher\":{\"@id\":\"https:\/\/www.mundoagropecuario.cl\/new\/#organization\"},\"potentialAction\":[{\"@type\":\"SearchAction\",\"target\":{\"@type\":\"EntryPoint\",\"urlTemplate\":\"https:\/\/www.mundoagropecuario.cl\/new\/?s={search_term_string}\"},\"query-input\":{\"@type\":\"PropertyValueSpecification\",\"valueRequired\":true,\"valueName\":\"search_term_string\"}}],\"inLanguage\":\"es\"},{\"@type\":\"Organization\",\"@id\":\"https:\/\/www.mundoagropecuario.cl\/new\/#organization\",\"name\":\"Revista de Agricultura\",\"url\":\"https:\/\/www.mundoagropecuario.cl\/new\/\",\"logo\":{\"@type\":\"ImageObject\",\"inLanguage\":\"es\",\"@id\":\"https:\/\/www.mundoagropecuario.cl\/new\/#\/schema\/logo\/image\/\",\"url\":\"https:\/\/www.mundoagropecuario.cl\/new\/wp-content\/uploads\/2020\/11\/PORTAL-1-1.png\",\"contentUrl\":\"https:\/\/www.mundoagropecuario.cl\/new\/wp-content\/uploads\/2020\/11\/PORTAL-1-1.png\",\"width\":1026,\"height\":100,\"caption\":\"Revista de Agricultura\"},\"image\":{\"@id\":\"https:\/\/www.mundoagropecuario.cl\/new\/#\/schema\/logo\/image\/\"},\"sameAs\":[\"https:\/\/www.facebook.com\/mundo.agropecuario.3\",\"https:\/\/x.com\/MundoAgropecuar\",\"https:\/\/www.linkedin.com\/in\/mundo-agropecuario-934009201\/\"]},{\"@type\":\"Person\",\"@id\":\"https:\/\/www.mundoagropecuario.cl\/new\/#\/schema\/person\/4e9f74a82a7dac260eb1c44b7eebeb18\",\"name\":\"mundo\",\"url\":\"https:\/\/www.mundoagropecuario.cl\/new\/author\/mundo\/\"}]}<\/script>\n<!-- \/ Yoast SEO plugin. -->","yoast_head_json":{"title":"INIA incorporar\u00e1 22 nuevos investigadores para fortalecer el equipo de trabajo en I+D - Mundoagropecuario","robots":{"index":"index","follow":"follow","max-snippet":"max-snippet:-1","max-image-preview":"max-image-preview:large","max-video-preview":"max-video-preview:-1"},"canonical":"https:\/\/www.mundoagropecuario.cl\/new\/inia-incorporara-22-nuevos-investigadores-para-fortalecer-el-equipo-de-trabajo-en-id\/","og_locale":"es_ES","og_type":"article","og_title":"INIA incorporar\u00e1 22 nuevos investigadores para fortalecer el equipo de trabajo en I+D - Mundoagropecuario","og_description":"En una primera instancia, este plan considera la incorporaci\u00f3n de 22 investigadores, quienes iniciar\u00e1n sus funciones durante el primer trimestre de 2019 (Mundo Agropecuario). El Consejo Directivo del Instituto de...","og_url":"https:\/\/www.mundoagropecuario.cl\/new\/inia-incorporara-22-nuevos-investigadores-para-fortalecer-el-equipo-de-trabajo-en-id\/","og_site_name":"Mundoagropecuario","article_publisher":"https:\/\/www.facebook.com\/mundo.agropecuario.3","article_published_time":"2018-12-28T05:43:16+00:00","og_image":[{"width":802,"height":487,"url":"https:\/\/www.mundoagropecuario.cl\/new\/wp-content\/uploads\/2018\/12\/INIA-ID.jpg","type":"image\/jpeg"}],"author":"mundo","twitter_card":"summary_large_image","twitter_creator":"@MundoAgropecuar","twitter_site":"@MundoAgropecuar","twitter_misc":{"Escrito por":"mundo","Tiempo de lectura":"2 minutos"},"schema":{"@context":"https:\/\/schema.org","@graph":[{"@type":"Article","@id":"https:\/\/www.mundoagropecuario.cl\/new\/inia-incorporara-22-nuevos-investigadores-para-fortalecer-el-equipo-de-trabajo-en-id\/#article","isPartOf":{"@id":"https:\/\/www.mundoagropecuario.cl\/new\/inia-incorporara-22-nuevos-investigadores-para-fortalecer-el-equipo-de-trabajo-en-id\/"},"author":{"name":"mundo","@id":"https:\/\/www.mundoagropecuario.cl\/new\/#\/schema\/person\/4e9f74a82a7dac260eb1c44b7eebeb18"},"headline":"INIA incorporar\u00e1 22 nuevos investigadores para fortalecer el equipo de trabajo en I+D","datePublished":"2018-12-28T05:43:16+00:00","mainEntityOfPage":{"@id":"https:\/\/www.mundoagropecuario.cl\/new\/inia-incorporara-22-nuevos-investigadores-para-fortalecer-el-equipo-de-trabajo-en-id\/"},"wordCount":408,"publisher":{"@id":"https:\/\/www.mundoagropecuario.cl\/new\/#organization"},"image":{"@id":"https:\/\/www.mundoagropecuario.cl\/new\/inia-incorporara-22-nuevos-investigadores-para-fortalecer-el-equipo-de-trabajo-en-id\/#primaryimage"},"thumbnailUrl":"https:\/\/www.mundoagropecuario.cl\/new\/wp-content\/uploads\/2018\/12\/INIA-ID.jpg","keywords":["I+D","INIA","investigadores"],"articleSection":["Titular 1"],"inLanguage":"es"},{"@type":"WebPage","@id":"https:\/\/www.mundoagropecuario.cl\/new\/inia-incorporara-22-nuevos-investigadores-para-fortalecer-el-equipo-de-trabajo-en-id\/","url":"https:\/\/www.mundoagropecuario.cl\/new\/inia-incorporara-22-nuevos-investigadores-para-fortalecer-el-equipo-de-trabajo-en-id\/","name":"INIA incorporar\u00e1 22 nuevos investigadores para fortalecer el equipo de trabajo en I+D - Mundoagropecuario","isPartOf":{"@id":"https:\/\/www.mundoagropecuario.cl\/new\/#website"},"primaryImageOfPage":{"@id":"https:\/\/www.mundoagropecuario.cl\/new\/inia-incorporara-22-nuevos-investigadores-para-fortalecer-el-equipo-de-trabajo-en-id\/#primaryimage"},"image":{"@id":"https:\/\/www.mundoagropecuario.cl\/new\/inia-incorporara-22-nuevos-investigadores-para-fortalecer-el-equipo-de-trabajo-en-id\/#primaryimage"},"thumbnailUrl":"https:\/\/www.mundoagropecuario.cl\/new\/wp-content\/uploads\/2018\/12\/INIA-ID.jpg","datePublished":"2018-12-28T05:43:16+00:00","breadcrumb":{"@id":"https:\/\/www.mundoagropecuario.cl\/new\/inia-incorporara-22-nuevos-investigadores-para-fortalecer-el-equipo-de-trabajo-en-id\/#breadcrumb"},"inLanguage":"es","potentialAction":[{"@type":"ReadAction","target":["https:\/\/www.mundoagropecuario.cl\/new\/inia-incorporara-22-nuevos-investigadores-para-fortalecer-el-equipo-de-trabajo-en-id\/"]}]},{"@type":"ImageObject","inLanguage":"es","@id":"https:\/\/www.mundoagropecuario.cl\/new\/inia-incorporara-22-nuevos-investigadores-para-fortalecer-el-equipo-de-trabajo-en-id\/#primaryimage","url":"https:\/\/www.mundoagropecuario.cl\/new\/wp-content\/uploads\/2018\/12\/INIA-ID.jpg","contentUrl":"https:\/\/www.mundoagropecuario.cl\/new\/wp-content\/uploads\/2018\/12\/INIA-ID.jpg","width":659,"height":400},{"@type":"BreadcrumbList","@id":"https:\/\/www.mundoagropecuario.cl\/new\/inia-incorporara-22-nuevos-investigadores-para-fortalecer-el-equipo-de-trabajo-en-id\/#breadcrumb","itemListElement":[{"@type":"ListItem","position":1,"name":"Portada","item":"https:\/\/www.mundoagropecuario.cl\/new\/"},{"@type":"ListItem","position":2,"name":"INIA incorporar\u00e1 22 nuevos investigadores para fortalecer el equipo de trabajo en I+D"}]},{"@type":"WebSite","@id":"https:\/\/www.mundoagropecuario.cl\/new\/#website","url":"https:\/\/www.mundoagropecuario.cl\/new\/","name":"Mundoagropecuario","description":"Mundo Agropecuario","publisher":{"@id":"https:\/\/www.mundoagropecuario.cl\/new\/#organization"},"potentialAction":[{"@type":"SearchAction","target":{"@type":"EntryPoint","urlTemplate":"https:\/\/www.mundoagropecuario.cl\/new\/?s={search_term_string}"},"query-input":{"@type":"PropertyValueSpecification","valueRequired":true,"valueName":"search_term_string"}}],"inLanguage":"es"},{"@type":"Organization","@id":"https:\/\/www.mundoagropecuario.cl\/new\/#organization","name":"Revista de Agricultura","url":"https:\/\/www.mundoagropecuario.cl\/new\/","logo":{"@type":"ImageObject","inLanguage":"es","@id":"https:\/\/www.mundoagropecuario.cl\/new\/#\/schema\/logo\/image\/","url":"https:\/\/www.mundoagropecuario.cl\/new\/wp-content\/uploads\/2020\/11\/PORTAL-1-1.png","contentUrl":"https:\/\/www.mundoagropecuario.cl\/new\/wp-content\/uploads\/2020\/11\/PORTAL-1-1.png","width":1026,"height":100,"caption":"Revista de Agricultura"},"image":{"@id":"https:\/\/www.mundoagropecuario.cl\/new\/#\/schema\/logo\/image\/"},"sameAs":["https:\/\/www.facebook.com\/mundo.agropecuario.3","https:\/\/x.com\/MundoAgropecuar","https:\/\/www.linkedin.com\/in\/mundo-agropecuario-934009201\/"]},{"@type":"Person","@id":"https:\/\/www.mundoagropecuario.cl\/new\/#\/schema\/person\/4e9f74a82a7dac260eb1c44b7eebeb18","name":"mundo","url":"https:\/\/www.mundoagropecuario.cl\/new\/author\/mundo\/"}]}},"_links":{"self":[{"href":"https:\/\/www.mundoagropecuario.cl\/new\/wp-json\/wp\/v2\/posts\/10133","targetHints":{"allow":["GET"]}}],"collection":[{"href":"https:\/\/www.mundoagropecuario.cl\/new\/wp-json\/wp\/v2\/posts"}],"about":[{"href":"https:\/\/www.mundoagropecuario.cl\/new\/wp-json\/wp\/v2\/types\/post"}],"author":[{"embeddable":true,"href":"https:\/\/www.mundoagropecuario.cl\/new\/wp-json\/wp\/v2\/users\/2"}],"replies":[{"embeddable":true,"href":"https:\/\/www.mundoagropecuario.cl\/new\/wp-json\/wp\/v2\/comments?post=10133"}],"version-history":[{"count":1,"href":"https:\/\/www.mundoagropecuario.cl\/new\/wp-json\/wp\/v2\/posts\/10133\/revisions"}],"predecessor-version":[{"id":10135,"href":"https:\/\/www.mundoagropecuario.cl\/new\/wp-json\/wp\/v2\/posts\/10133\/revisions\/10135"}],"wp:featuredmedia":[{"embeddable":true,"href":"https:\/\/www.mundoagropecuario.cl\/new\/wp-json\/wp\/v2\/media\/10134"}],"wp:attachment":[{"href":"https:\/\/www.mundoagropecuario.cl\/new\/wp-json\/wp\/v2\/media?parent=10133"}],"wp:term":[{"taxonomy":"category","embeddable":true,"href":"https:\/\/www.mundoagropecuario.cl\/new\/wp-json\/wp\/v2\/categories?post=10133"},{"taxonomy":"post_tag","embeddable":true,"href":"https:\/\/www.mundoagropecuario.cl\/new\/wp-json\/wp\/v2\/tags?post=10133"}],"curies":[{"name":"wp","href":"https:\/\/api.w.org\/{rel}","templated":true}]}}