{"id":10110,"date":"2018-12-27T03:04:07","date_gmt":"2018-12-27T06:04:07","guid":{"rendered":"http:\/\/www.mundoagropecuario.cl\/new\/?p=10110"},"modified":"2018-12-27T03:04:07","modified_gmt":"2018-12-27T06:04:07","slug":"estudiantes-de-mexico-se-capacitan-en-vitivinicultura-en-agronomia-udec","status":"publish","type":"post","link":"https:\/\/www.mundoagropecuario.cl\/new\/estudiantes-de-mexico-se-capacitan-en-vitivinicultura-en-agronomia-udec\/","title":{"rendered":"Estudiantes de M\u00e9xico se capacitan en vitivinicultura en Agronom\u00eda UdeC"},"content":{"rendered":"<blockquote><p><em>Facultad de Agronom\u00eda de la UdeC mantiene un convenio con la Universidad Aut\u00f3noma de Chapingo, M\u00e9xico, para potenciar el intercambio estudiantil y acad\u00e9mico, raz\u00f3n por la que estos estudiantes seleccionaron a la Universidad de Concepci\u00f3n para realizar su pasant\u00eda (Mundo Agropecuario).<\/em><\/p><\/blockquote>\n<p>Con la finalidad de conocer m\u00e1s respecto a las l\u00edneas de trabajo y estrategias de producci\u00f3n industrial en el mundo de la enolog\u00eda, llegaron hasta la Facultad de Agronom\u00eda de la Universidad de Concepci\u00f3n estudiantes provenientes de la Universidad Aut\u00f3noma de Chapingo, en M\u00e9xico, para efectuar una pasant\u00eda.<\/p>\n<p>Esa Facultad mantiene un convenio con esta universidad mexicana para potenciar el intercambio estudiantil y acad\u00e9mico, raz\u00f3n por la que estos estudiantes seleccionaron a la Universidad de Concepci\u00f3n para realizar su pasant\u00eda. \u201cEllos no est\u00e1n estudiando Agronom\u00eda, sino que Ingenier\u00eda Agroindustrial, y el objetivo de su viaje era conocer todo el proceso de elaboraci\u00f3n del vino, de manera de poder analizar el proceso industrial, raz\u00f3n por la que la profesora del curso en M\u00e9xico, la Dra. Patricia Landa, me contact\u00f3 para que apoy\u00e1ramos a estos estudiantes, entonces a trav\u00e9s del colega Guillermo Pascual, cuya especialidad es la enolog\u00eda, se realizaron diferentes actividades tanto en los laboratorios de la Facultad como en la vi\u00f1a Santa Berta\u201d, explic\u00f3 el profesor del Departamento de Producci\u00f3n Vegetal, Dr. Gonzalo Silva, quien adem\u00e1s coment\u00f3 que los estudiantes tambi\u00e9n asistieron a una cata de vinos dirigida por el profesor Pascual.<\/p>\n<p>El acad\u00e9mico tambi\u00e9n explic\u00f3 que el inter\u00e9s de estos estudiantes por aprender de enolog\u00eda, se basa en que existe un nicho con mucho potencial en M\u00e9xico. \u201cLo que pasa es que M\u00e9xico tiene una regi\u00f3n que colinda con Estados Unidos que corresponde al Estado de Baja California, donde el tema vitivin\u00edcola no est\u00e1 tan desarrollado como en California pero existe una tradici\u00f3n al respecto, entonces ellos ven ah\u00ed una oportunidad de crecimiento. Para ellos Chile es un caso interesante de analizar porque somos un pa\u00eds en v\u00edas de desarrollo, pero que est\u00e1 compitiendo de igual a igual con California, Francia e Italia en el tema de la vitivinicultura\u201d, puntualiz\u00f3 el Dr. Silva.<\/p>\n<p>En el contexto de los convenios que sostienen ambas casas de estudios superiores, se espera que entre enero y mayo del pr\u00f3ximo a\u00f1o lleguen otros tres alumnos que estar\u00e1n realizando una pasant\u00eda como parte del proyecto FIA \u201cProducci\u00f3n y procesamiento de lechugas de cuarta gama con aceites esenciales de plantas arom\u00e1ticas con actividad insecticida, bactericida y antioxidante\u201d, actualmente en ejecuci\u00f3n en la Facultad de Agronom\u00eda.<\/p>\n<p>&nbsp;<\/p>\n<p>&nbsp;<\/p>\n<p>&nbsp;<\/p>\n","protected":false},"excerpt":{"rendered":"<p>Facultad de Agronom\u00eda de la UdeC mantiene un convenio con la Universidad Aut\u00f3noma de Chapingo, M\u00e9xico, para potenciar el intercambio estudiantil y acad\u00e9mico, raz\u00f3n por la que estos estudiantes seleccionaron&#8230;<\/p>\n","protected":false},"author":2,"featured_media":10111,"comment_status":"closed","ping_status":"closed","sticky":false,"template":"","format":"standard","meta":{"footnotes":""},"categories":[1952],"tags":[3014,436,2191],"class_list":["post-10110","post","type-post","status-publish","format-standard","has-post-thumbnail","hentry","category-educacion","tag-agronomia","tag-udec","tag-vitivinicultura"],"yoast_head":"<!-- This site is optimized with the Yoast SEO plugin v26.6 - https:\/\/yoast.com\/wordpress\/plugins\/seo\/ -->\n<title>Estudiantes de M\u00e9xico se capacitan en vitivinicultura en Agronom\u00eda UdeC - Mundoagropecuario<\/title>\n<meta name=\"robots\" content=\"index, follow, max-snippet:-1, max-image-preview:large, max-video-preview:-1\" \/>\n<link rel=\"canonical\" href=\"https:\/\/www.mundoagropecuario.cl\/new\/estudiantes-de-mexico-se-capacitan-en-vitivinicultura-en-agronomia-udec\/\" \/>\n<meta property=\"og:locale\" content=\"es_ES\" \/>\n<meta property=\"og:type\" content=\"article\" \/>\n<meta property=\"og:title\" content=\"Estudiantes de M\u00e9xico se capacitan en vitivinicultura en Agronom\u00eda UdeC - Mundoagropecuario\" \/>\n<meta property=\"og:description\" content=\"Facultad de Agronom\u00eda de la UdeC mantiene un convenio con la Universidad Aut\u00f3noma de Chapingo, M\u00e9xico, para potenciar el intercambio estudiantil y acad\u00e9mico, raz\u00f3n por la que estos estudiantes seleccionaron...\" \/>\n<meta property=\"og:url\" content=\"https:\/\/www.mundoagropecuario.cl\/new\/estudiantes-de-mexico-se-capacitan-en-vitivinicultura-en-agronomia-udec\/\" \/>\n<meta property=\"og:site_name\" content=\"Mundoagropecuario\" \/>\n<meta property=\"article:publisher\" content=\"https:\/\/www.facebook.com\/mundo.agropecuario.3\" \/>\n<meta property=\"article:published_time\" content=\"2018-12-27T06:04:07+00:00\" \/>\n<meta property=\"og:image\" content=\"https:\/\/www.mundoagropecuario.cl\/new\/wp-content\/uploads\/2018\/12\/mexico-udec.jpg\" \/>\n\t<meta property=\"og:image:width\" content=\"1024\" \/>\n\t<meta property=\"og:image:height\" content=\"768\" \/>\n\t<meta property=\"og:image:type\" content=\"image\/jpeg\" \/>\n<meta name=\"author\" content=\"mundo\" \/>\n<meta name=\"twitter:card\" content=\"summary_large_image\" \/>\n<meta name=\"twitter:creator\" content=\"@MundoAgropecuar\" \/>\n<meta name=\"twitter:site\" content=\"@MundoAgropecuar\" \/>\n<meta name=\"twitter:label1\" content=\"Escrito por\" \/>\n\t<meta name=\"twitter:data1\" content=\"mundo\" \/>\n\t<meta name=\"twitter:label2\" content=\"Tiempo de lectura\" \/>\n\t<meta name=\"twitter:data2\" content=\"2 minutos\" \/>\n<script type=\"application\/ld+json\" class=\"yoast-schema-graph\">{\"@context\":\"https:\/\/schema.org\",\"@graph\":[{\"@type\":\"Article\",\"@id\":\"https:\/\/www.mundoagropecuario.cl\/new\/estudiantes-de-mexico-se-capacitan-en-vitivinicultura-en-agronomia-udec\/#article\",\"isPartOf\":{\"@id\":\"https:\/\/www.mundoagropecuario.cl\/new\/estudiantes-de-mexico-se-capacitan-en-vitivinicultura-en-agronomia-udec\/\"},\"author\":{\"name\":\"mundo\",\"@id\":\"https:\/\/www.mundoagropecuario.cl\/new\/#\/schema\/person\/4e9f74a82a7dac260eb1c44b7eebeb18\"},\"headline\":\"Estudiantes de M\u00e9xico se capacitan en vitivinicultura en Agronom\u00eda UdeC\",\"datePublished\":\"2018-12-27T06:04:07+00:00\",\"mainEntityOfPage\":{\"@id\":\"https:\/\/www.mundoagropecuario.cl\/new\/estudiantes-de-mexico-se-capacitan-en-vitivinicultura-en-agronomia-udec\/\"},\"wordCount\":477,\"publisher\":{\"@id\":\"https:\/\/www.mundoagropecuario.cl\/new\/#organization\"},\"image\":{\"@id\":\"https:\/\/www.mundoagropecuario.cl\/new\/estudiantes-de-mexico-se-capacitan-en-vitivinicultura-en-agronomia-udec\/#primaryimage\"},\"thumbnailUrl\":\"https:\/\/www.mundoagropecuario.cl\/new\/wp-content\/uploads\/2018\/12\/mexico-udec.jpg\",\"keywords\":[\"Agronom\u00eda\",\"UdeC\",\"Vitivinicultura\"],\"articleSection\":[\"Educaci\u00f3n\"],\"inLanguage\":\"es\"},{\"@type\":\"WebPage\",\"@id\":\"https:\/\/www.mundoagropecuario.cl\/new\/estudiantes-de-mexico-se-capacitan-en-vitivinicultura-en-agronomia-udec\/\",\"url\":\"https:\/\/www.mundoagropecuario.cl\/new\/estudiantes-de-mexico-se-capacitan-en-vitivinicultura-en-agronomia-udec\/\",\"name\":\"Estudiantes de M\u00e9xico se capacitan en vitivinicultura en Agronom\u00eda UdeC - Mundoagropecuario\",\"isPartOf\":{\"@id\":\"https:\/\/www.mundoagropecuario.cl\/new\/#website\"},\"primaryImageOfPage\":{\"@id\":\"https:\/\/www.mundoagropecuario.cl\/new\/estudiantes-de-mexico-se-capacitan-en-vitivinicultura-en-agronomia-udec\/#primaryimage\"},\"image\":{\"@id\":\"https:\/\/www.mundoagropecuario.cl\/new\/estudiantes-de-mexico-se-capacitan-en-vitivinicultura-en-agronomia-udec\/#primaryimage\"},\"thumbnailUrl\":\"https:\/\/www.mundoagropecuario.cl\/new\/wp-content\/uploads\/2018\/12\/mexico-udec.jpg\",\"datePublished\":\"2018-12-27T06:04:07+00:00\",\"breadcrumb\":{\"@id\":\"https:\/\/www.mundoagropecuario.cl\/new\/estudiantes-de-mexico-se-capacitan-en-vitivinicultura-en-agronomia-udec\/#breadcrumb\"},\"inLanguage\":\"es\",\"potentialAction\":[{\"@type\":\"ReadAction\",\"target\":[\"https:\/\/www.mundoagropecuario.cl\/new\/estudiantes-de-mexico-se-capacitan-en-vitivinicultura-en-agronomia-udec\/\"]}]},{\"@type\":\"ImageObject\",\"inLanguage\":\"es\",\"@id\":\"https:\/\/www.mundoagropecuario.cl\/new\/estudiantes-de-mexico-se-capacitan-en-vitivinicultura-en-agronomia-udec\/#primaryimage\",\"url\":\"https:\/\/www.mundoagropecuario.cl\/new\/wp-content\/uploads\/2018\/12\/mexico-udec.jpg\",\"contentUrl\":\"https:\/\/www.mundoagropecuario.cl\/new\/wp-content\/uploads\/2018\/12\/mexico-udec.jpg\",\"width\":533,\"height\":400},{\"@type\":\"BreadcrumbList\",\"@id\":\"https:\/\/www.mundoagropecuario.cl\/new\/estudiantes-de-mexico-se-capacitan-en-vitivinicultura-en-agronomia-udec\/#breadcrumb\",\"itemListElement\":[{\"@type\":\"ListItem\",\"position\":1,\"name\":\"Portada\",\"item\":\"https:\/\/www.mundoagropecuario.cl\/new\/\"},{\"@type\":\"ListItem\",\"position\":2,\"name\":\"Estudiantes de M\u00e9xico se capacitan en vitivinicultura en Agronom\u00eda UdeC\"}]},{\"@type\":\"WebSite\",\"@id\":\"https:\/\/www.mundoagropecuario.cl\/new\/#website\",\"url\":\"https:\/\/www.mundoagropecuario.cl\/new\/\",\"name\":\"Mundoagropecuario\",\"description\":\"Mundo Agropecuario\",\"publisher\":{\"@id\":\"https:\/\/www.mundoagropecuario.cl\/new\/#organization\"},\"potentialAction\":[{\"@type\":\"SearchAction\",\"target\":{\"@type\":\"EntryPoint\",\"urlTemplate\":\"https:\/\/www.mundoagropecuario.cl\/new\/?s={search_term_string}\"},\"query-input\":{\"@type\":\"PropertyValueSpecification\",\"valueRequired\":true,\"valueName\":\"search_term_string\"}}],\"inLanguage\":\"es\"},{\"@type\":\"Organization\",\"@id\":\"https:\/\/www.mundoagropecuario.cl\/new\/#organization\",\"name\":\"Revista de Agricultura\",\"url\":\"https:\/\/www.mundoagropecuario.cl\/new\/\",\"logo\":{\"@type\":\"ImageObject\",\"inLanguage\":\"es\",\"@id\":\"https:\/\/www.mundoagropecuario.cl\/new\/#\/schema\/logo\/image\/\",\"url\":\"https:\/\/www.mundoagropecuario.cl\/new\/wp-content\/uploads\/2020\/11\/PORTAL-1-1.png\",\"contentUrl\":\"https:\/\/www.mundoagropecuario.cl\/new\/wp-content\/uploads\/2020\/11\/PORTAL-1-1.png\",\"width\":1026,\"height\":100,\"caption\":\"Revista de Agricultura\"},\"image\":{\"@id\":\"https:\/\/www.mundoagropecuario.cl\/new\/#\/schema\/logo\/image\/\"},\"sameAs\":[\"https:\/\/www.facebook.com\/mundo.agropecuario.3\",\"https:\/\/x.com\/MundoAgropecuar\",\"https:\/\/www.linkedin.com\/in\/mundo-agropecuario-934009201\/\"]},{\"@type\":\"Person\",\"@id\":\"https:\/\/www.mundoagropecuario.cl\/new\/#\/schema\/person\/4e9f74a82a7dac260eb1c44b7eebeb18\",\"name\":\"mundo\",\"url\":\"https:\/\/www.mundoagropecuario.cl\/new\/author\/mundo\/\"}]}<\/script>\n<!-- \/ Yoast SEO plugin. -->","yoast_head_json":{"title":"Estudiantes de M\u00e9xico se capacitan en vitivinicultura en Agronom\u00eda UdeC - Mundoagropecuario","robots":{"index":"index","follow":"follow","max-snippet":"max-snippet:-1","max-image-preview":"max-image-preview:large","max-video-preview":"max-video-preview:-1"},"canonical":"https:\/\/www.mundoagropecuario.cl\/new\/estudiantes-de-mexico-se-capacitan-en-vitivinicultura-en-agronomia-udec\/","og_locale":"es_ES","og_type":"article","og_title":"Estudiantes de M\u00e9xico se capacitan en vitivinicultura en Agronom\u00eda UdeC - Mundoagropecuario","og_description":"Facultad de Agronom\u00eda de la UdeC mantiene un convenio con la Universidad Aut\u00f3noma de Chapingo, M\u00e9xico, para potenciar el intercambio estudiantil y acad\u00e9mico, raz\u00f3n por la que estos estudiantes seleccionaron...","og_url":"https:\/\/www.mundoagropecuario.cl\/new\/estudiantes-de-mexico-se-capacitan-en-vitivinicultura-en-agronomia-udec\/","og_site_name":"Mundoagropecuario","article_publisher":"https:\/\/www.facebook.com\/mundo.agropecuario.3","article_published_time":"2018-12-27T06:04:07+00:00","og_image":[{"width":1024,"height":768,"url":"https:\/\/www.mundoagropecuario.cl\/new\/wp-content\/uploads\/2018\/12\/mexico-udec.jpg","type":"image\/jpeg"}],"author":"mundo","twitter_card":"summary_large_image","twitter_creator":"@MundoAgropecuar","twitter_site":"@MundoAgropecuar","twitter_misc":{"Escrito por":"mundo","Tiempo de lectura":"2 minutos"},"schema":{"@context":"https:\/\/schema.org","@graph":[{"@type":"Article","@id":"https:\/\/www.mundoagropecuario.cl\/new\/estudiantes-de-mexico-se-capacitan-en-vitivinicultura-en-agronomia-udec\/#article","isPartOf":{"@id":"https:\/\/www.mundoagropecuario.cl\/new\/estudiantes-de-mexico-se-capacitan-en-vitivinicultura-en-agronomia-udec\/"},"author":{"name":"mundo","@id":"https:\/\/www.mundoagropecuario.cl\/new\/#\/schema\/person\/4e9f74a82a7dac260eb1c44b7eebeb18"},"headline":"Estudiantes de M\u00e9xico se capacitan en vitivinicultura en Agronom\u00eda UdeC","datePublished":"2018-12-27T06:04:07+00:00","mainEntityOfPage":{"@id":"https:\/\/www.mundoagropecuario.cl\/new\/estudiantes-de-mexico-se-capacitan-en-vitivinicultura-en-agronomia-udec\/"},"wordCount":477,"publisher":{"@id":"https:\/\/www.mundoagropecuario.cl\/new\/#organization"},"image":{"@id":"https:\/\/www.mundoagropecuario.cl\/new\/estudiantes-de-mexico-se-capacitan-en-vitivinicultura-en-agronomia-udec\/#primaryimage"},"thumbnailUrl":"https:\/\/www.mundoagropecuario.cl\/new\/wp-content\/uploads\/2018\/12\/mexico-udec.jpg","keywords":["Agronom\u00eda","UdeC","Vitivinicultura"],"articleSection":["Educaci\u00f3n"],"inLanguage":"es"},{"@type":"WebPage","@id":"https:\/\/www.mundoagropecuario.cl\/new\/estudiantes-de-mexico-se-capacitan-en-vitivinicultura-en-agronomia-udec\/","url":"https:\/\/www.mundoagropecuario.cl\/new\/estudiantes-de-mexico-se-capacitan-en-vitivinicultura-en-agronomia-udec\/","name":"Estudiantes de M\u00e9xico se capacitan en vitivinicultura en Agronom\u00eda UdeC - Mundoagropecuario","isPartOf":{"@id":"https:\/\/www.mundoagropecuario.cl\/new\/#website"},"primaryImageOfPage":{"@id":"https:\/\/www.mundoagropecuario.cl\/new\/estudiantes-de-mexico-se-capacitan-en-vitivinicultura-en-agronomia-udec\/#primaryimage"},"image":{"@id":"https:\/\/www.mundoagropecuario.cl\/new\/estudiantes-de-mexico-se-capacitan-en-vitivinicultura-en-agronomia-udec\/#primaryimage"},"thumbnailUrl":"https:\/\/www.mundoagropecuario.cl\/new\/wp-content\/uploads\/2018\/12\/mexico-udec.jpg","datePublished":"2018-12-27T06:04:07+00:00","breadcrumb":{"@id":"https:\/\/www.mundoagropecuario.cl\/new\/estudiantes-de-mexico-se-capacitan-en-vitivinicultura-en-agronomia-udec\/#breadcrumb"},"inLanguage":"es","potentialAction":[{"@type":"ReadAction","target":["https:\/\/www.mundoagropecuario.cl\/new\/estudiantes-de-mexico-se-capacitan-en-vitivinicultura-en-agronomia-udec\/"]}]},{"@type":"ImageObject","inLanguage":"es","@id":"https:\/\/www.mundoagropecuario.cl\/new\/estudiantes-de-mexico-se-capacitan-en-vitivinicultura-en-agronomia-udec\/#primaryimage","url":"https:\/\/www.mundoagropecuario.cl\/new\/wp-content\/uploads\/2018\/12\/mexico-udec.jpg","contentUrl":"https:\/\/www.mundoagropecuario.cl\/new\/wp-content\/uploads\/2018\/12\/mexico-udec.jpg","width":533,"height":400},{"@type":"BreadcrumbList","@id":"https:\/\/www.mundoagropecuario.cl\/new\/estudiantes-de-mexico-se-capacitan-en-vitivinicultura-en-agronomia-udec\/#breadcrumb","itemListElement":[{"@type":"ListItem","position":1,"name":"Portada","item":"https:\/\/www.mundoagropecuario.cl\/new\/"},{"@type":"ListItem","position":2,"name":"Estudiantes de M\u00e9xico se capacitan en vitivinicultura en Agronom\u00eda UdeC"}]},{"@type":"WebSite","@id":"https:\/\/www.mundoagropecuario.cl\/new\/#website","url":"https:\/\/www.mundoagropecuario.cl\/new\/","name":"Mundoagropecuario","description":"Mundo Agropecuario","publisher":{"@id":"https:\/\/www.mundoagropecuario.cl\/new\/#organization"},"potentialAction":[{"@type":"SearchAction","target":{"@type":"EntryPoint","urlTemplate":"https:\/\/www.mundoagropecuario.cl\/new\/?s={search_term_string}"},"query-input":{"@type":"PropertyValueSpecification","valueRequired":true,"valueName":"search_term_string"}}],"inLanguage":"es"},{"@type":"Organization","@id":"https:\/\/www.mundoagropecuario.cl\/new\/#organization","name":"Revista de Agricultura","url":"https:\/\/www.mundoagropecuario.cl\/new\/","logo":{"@type":"ImageObject","inLanguage":"es","@id":"https:\/\/www.mundoagropecuario.cl\/new\/#\/schema\/logo\/image\/","url":"https:\/\/www.mundoagropecuario.cl\/new\/wp-content\/uploads\/2020\/11\/PORTAL-1-1.png","contentUrl":"https:\/\/www.mundoagropecuario.cl\/new\/wp-content\/uploads\/2020\/11\/PORTAL-1-1.png","width":1026,"height":100,"caption":"Revista de Agricultura"},"image":{"@id":"https:\/\/www.mundoagropecuario.cl\/new\/#\/schema\/logo\/image\/"},"sameAs":["https:\/\/www.facebook.com\/mundo.agropecuario.3","https:\/\/x.com\/MundoAgropecuar","https:\/\/www.linkedin.com\/in\/mundo-agropecuario-934009201\/"]},{"@type":"Person","@id":"https:\/\/www.mundoagropecuario.cl\/new\/#\/schema\/person\/4e9f74a82a7dac260eb1c44b7eebeb18","name":"mundo","url":"https:\/\/www.mundoagropecuario.cl\/new\/author\/mundo\/"}]}},"_links":{"self":[{"href":"https:\/\/www.mundoagropecuario.cl\/new\/wp-json\/wp\/v2\/posts\/10110","targetHints":{"allow":["GET"]}}],"collection":[{"href":"https:\/\/www.mundoagropecuario.cl\/new\/wp-json\/wp\/v2\/posts"}],"about":[{"href":"https:\/\/www.mundoagropecuario.cl\/new\/wp-json\/wp\/v2\/types\/post"}],"author":[{"embeddable":true,"href":"https:\/\/www.mundoagropecuario.cl\/new\/wp-json\/wp\/v2\/users\/2"}],"replies":[{"embeddable":true,"href":"https:\/\/www.mundoagropecuario.cl\/new\/wp-json\/wp\/v2\/comments?post=10110"}],"version-history":[{"count":1,"href":"https:\/\/www.mundoagropecuario.cl\/new\/wp-json\/wp\/v2\/posts\/10110\/revisions"}],"predecessor-version":[{"id":10112,"href":"https:\/\/www.mundoagropecuario.cl\/new\/wp-json\/wp\/v2\/posts\/10110\/revisions\/10112"}],"wp:featuredmedia":[{"embeddable":true,"href":"https:\/\/www.mundoagropecuario.cl\/new\/wp-json\/wp\/v2\/media\/10111"}],"wp:attachment":[{"href":"https:\/\/www.mundoagropecuario.cl\/new\/wp-json\/wp\/v2\/media?parent=10110"}],"wp:term":[{"taxonomy":"category","embeddable":true,"href":"https:\/\/www.mundoagropecuario.cl\/new\/wp-json\/wp\/v2\/categories?post=10110"},{"taxonomy":"post_tag","embeddable":true,"href":"https:\/\/www.mundoagropecuario.cl\/new\/wp-json\/wp\/v2\/tags?post=10110"}],"curies":[{"name":"wp","href":"https:\/\/api.w.org\/{rel}","templated":true}]}}