{"id":10107,"date":"2018-12-27T02:54:35","date_gmt":"2018-12-27T05:54:35","guid":{"rendered":"http:\/\/www.mundoagropecuario.cl\/new\/?p=10107"},"modified":"2018-12-27T02:54:35","modified_gmt":"2018-12-27T05:54:35","slug":"agricultores-magallanicos-por-fin-tienen-un-centro-hortofruticola-permanente-en-punta-arenas","status":"publish","type":"post","link":"https:\/\/www.mundoagropecuario.cl\/new\/agricultores-magallanicos-por-fin-tienen-un-centro-hortofruticola-permanente-en-punta-arenas\/","title":{"rendered":"Agricultores magall\u00e1nicos por fin tienen un centro hortofrut\u00edcola permanente en Punta Arenas"},"content":{"rendered":"<blockquote><p><em>Proyecto permiti\u00f3 convertir un galp\u00f3n de 240 metros cuadrados, ubicado en avenida Los Generales, Villa Las Nieves, en una sala de venta horfrut\u00edcola que cumple con toda la normativa sanitaria. La inversi\u00f3n de remodelaci\u00f3n super\u00f3 los 43 millones de pesos (ITV Patagonia).<\/em><\/p><\/blockquote>\n<p>Parec\u00eda un sue\u00f1o lejano, a ratos imposible. Pero despu\u00e9s de varias d\u00e9cadas, los campesinos de la Asociaci\u00f3n Gremial de Agricultores Afines de Magallanes cuentan con un centro de venta para hortalizas y frutas. \u201cEstamos dando respuesta a la demanda de productos frescos y naturales producidos en la Patagonia. Felicitamos el esfuerzo de la organizaci\u00f3n por seguir creyendo en la agricultura y no decaer nunca hasta alcanzar sus logros\u201d, dijo Petar Bradasic, director regional (s) de INDAP.<\/p>\n<p>La iniciativa financiada por INDAP y el Gobierno Regional de Magallanes permiti\u00f3 convertir un galp\u00f3n de 240 metros cuadrados, ubicado en avenida Los Generales, Villa Las Nieves, en una sala de venta horfrut\u00edcola que cumple con toda la normativa sanitaria. La inversi\u00f3n de remodelaci\u00f3n super\u00f3 los 43 millones de pesos.<\/p>\n<p>Fueron varios a\u00f1os de esfuerzo. Todo comenz\u00f3 en 2004, cuando nace la agrupaci\u00f3n. La primera construcci\u00f3n fue con donaciones y el trabajo de los propios socios. \u201cConseguir el terreno, habilitarlo, acceder al agua potable y hoy, finalmente, poder contar con un moderno y c\u00f3modo centro de ventas, nos llena de orgullo. Ojal\u00e1 ahora la comunidad nos apoye y venga a comprar. Hay estacionamiento amplio\u201d, dijo Francisco Pati\u00f1o, presidente de la Asociaci\u00f3n Gremial de Agricultores Afines de Magallanes.<\/p>\n<p>El espacio tiene piso de baldosa, ba\u00f1os, soportes de viga a la vista y un amplio aparcadero. El recinto, donde se espera que participen los 20 productores que integran la asociaci\u00f3n, abrir\u00e1 los lunes, mi\u00e9rcoles y s\u00e1bado entre las 10.30 horas y las 14 horas.<\/p>\n<p>En la inauguraci\u00f3n hubo corte de cinta, discursos, bailes tradicionales y un c\u00f3ctel preparado por los socios de la agrupaci\u00f3n.<\/p>\n<p>&nbsp;<\/p>\n<p>&nbsp;<\/p>\n<p>&nbsp;<\/p>\n<p>&nbsp;<\/p>\n<p>&nbsp;<\/p>\n<p>&nbsp;<\/p>\n","protected":false},"excerpt":{"rendered":"<p>Proyecto permiti\u00f3 convertir un galp\u00f3n de 240 metros cuadrados, ubicado en avenida Los Generales, Villa Las Nieves, en una sala de venta horfrut\u00edcola que cumple con toda la normativa sanitaria&#8230;.<\/p>\n","protected":false},"author":2,"featured_media":10108,"comment_status":"closed","ping_status":"closed","sticky":false,"template":"","format":"standard","meta":{"footnotes":""},"categories":[404],"tags":[2595,1992,2198,1009],"class_list":["post-10107","post","type-post","status-publish","format-standard","has-post-thumbnail","hentry","category-titular-2","tag-hortofruticolas","tag-indap","tag-magallanes","tag-punta-arenas"],"yoast_head":"<!-- This site is optimized with the Yoast SEO plugin v26.6 - https:\/\/yoast.com\/wordpress\/plugins\/seo\/ -->\n<title>Agricultores magall\u00e1nicos por fin tienen un centro hortofrut\u00edcola permanente en Punta Arenas - Mundoagropecuario<\/title>\n<meta name=\"robots\" content=\"index, follow, max-snippet:-1, max-image-preview:large, max-video-preview:-1\" \/>\n<link rel=\"canonical\" href=\"https:\/\/www.mundoagropecuario.cl\/new\/agricultores-magallanicos-por-fin-tienen-un-centro-hortofruticola-permanente-en-punta-arenas\/\" \/>\n<meta property=\"og:locale\" content=\"es_ES\" \/>\n<meta property=\"og:type\" content=\"article\" \/>\n<meta property=\"og:title\" content=\"Agricultores magall\u00e1nicos por fin tienen un centro hortofrut\u00edcola permanente en Punta Arenas - Mundoagropecuario\" \/>\n<meta property=\"og:description\" content=\"Proyecto permiti\u00f3 convertir un galp\u00f3n de 240 metros cuadrados, ubicado en avenida Los Generales, Villa Las Nieves, en una sala de venta horfrut\u00edcola que cumple con toda la normativa sanitaria....\" \/>\n<meta property=\"og:url\" content=\"https:\/\/www.mundoagropecuario.cl\/new\/agricultores-magallanicos-por-fin-tienen-un-centro-hortofruticola-permanente-en-punta-arenas\/\" \/>\n<meta property=\"og:site_name\" content=\"Mundoagropecuario\" \/>\n<meta property=\"article:publisher\" content=\"https:\/\/www.facebook.com\/mundo.agropecuario.3\" \/>\n<meta property=\"article:published_time\" content=\"2018-12-27T05:54:35+00:00\" \/>\n<meta property=\"og:image\" content=\"https:\/\/www.mundoagropecuario.cl\/new\/wp-content\/uploads\/2018\/12\/centro-hortofrut\u00edcola-punta-arenas.jpg\" \/>\n\t<meta property=\"og:image:width\" content=\"730\" \/>\n\t<meta property=\"og:image:height\" content=\"420\" \/>\n\t<meta property=\"og:image:type\" content=\"image\/jpeg\" \/>\n<meta name=\"author\" content=\"mundo\" \/>\n<meta name=\"twitter:card\" content=\"summary_large_image\" \/>\n<meta name=\"twitter:creator\" content=\"@MundoAgropecuar\" \/>\n<meta name=\"twitter:site\" content=\"@MundoAgropecuar\" \/>\n<meta name=\"twitter:label1\" content=\"Escrito por\" \/>\n\t<meta name=\"twitter:data1\" content=\"mundo\" \/>\n\t<meta name=\"twitter:label2\" content=\"Tiempo de lectura\" \/>\n\t<meta name=\"twitter:data2\" content=\"2 minutos\" \/>\n<script type=\"application\/ld+json\" class=\"yoast-schema-graph\">{\"@context\":\"https:\/\/schema.org\",\"@graph\":[{\"@type\":\"Article\",\"@id\":\"https:\/\/www.mundoagropecuario.cl\/new\/agricultores-magallanicos-por-fin-tienen-un-centro-hortofruticola-permanente-en-punta-arenas\/#article\",\"isPartOf\":{\"@id\":\"https:\/\/www.mundoagropecuario.cl\/new\/agricultores-magallanicos-por-fin-tienen-un-centro-hortofruticola-permanente-en-punta-arenas\/\"},\"author\":{\"name\":\"mundo\",\"@id\":\"https:\/\/www.mundoagropecuario.cl\/new\/#\/schema\/person\/4e9f74a82a7dac260eb1c44b7eebeb18\"},\"headline\":\"Agricultores magall\u00e1nicos por fin tienen un centro hortofrut\u00edcola permanente en Punta Arenas\",\"datePublished\":\"2018-12-27T05:54:35+00:00\",\"mainEntityOfPage\":{\"@id\":\"https:\/\/www.mundoagropecuario.cl\/new\/agricultores-magallanicos-por-fin-tienen-un-centro-hortofruticola-permanente-en-punta-arenas\/\"},\"wordCount\":349,\"publisher\":{\"@id\":\"https:\/\/www.mundoagropecuario.cl\/new\/#organization\"},\"image\":{\"@id\":\"https:\/\/www.mundoagropecuario.cl\/new\/agricultores-magallanicos-por-fin-tienen-un-centro-hortofruticola-permanente-en-punta-arenas\/#primaryimage\"},\"thumbnailUrl\":\"https:\/\/www.mundoagropecuario.cl\/new\/wp-content\/uploads\/2018\/12\/centro-hortofrut\u00edcola-punta-arenas.jpg\",\"keywords\":[\"hortofrut\u00edcolas\",\"Indap\",\"Magallanes\",\"Punta Arenas\"],\"articleSection\":[\"Titular 2\"],\"inLanguage\":\"es\"},{\"@type\":\"WebPage\",\"@id\":\"https:\/\/www.mundoagropecuario.cl\/new\/agricultores-magallanicos-por-fin-tienen-un-centro-hortofruticola-permanente-en-punta-arenas\/\",\"url\":\"https:\/\/www.mundoagropecuario.cl\/new\/agricultores-magallanicos-por-fin-tienen-un-centro-hortofruticola-permanente-en-punta-arenas\/\",\"name\":\"Agricultores magall\u00e1nicos por fin tienen un centro hortofrut\u00edcola permanente en Punta Arenas - Mundoagropecuario\",\"isPartOf\":{\"@id\":\"https:\/\/www.mundoagropecuario.cl\/new\/#website\"},\"primaryImageOfPage\":{\"@id\":\"https:\/\/www.mundoagropecuario.cl\/new\/agricultores-magallanicos-por-fin-tienen-un-centro-hortofruticola-permanente-en-punta-arenas\/#primaryimage\"},\"image\":{\"@id\":\"https:\/\/www.mundoagropecuario.cl\/new\/agricultores-magallanicos-por-fin-tienen-un-centro-hortofruticola-permanente-en-punta-arenas\/#primaryimage\"},\"thumbnailUrl\":\"https:\/\/www.mundoagropecuario.cl\/new\/wp-content\/uploads\/2018\/12\/centro-hortofrut\u00edcola-punta-arenas.jpg\",\"datePublished\":\"2018-12-27T05:54:35+00:00\",\"breadcrumb\":{\"@id\":\"https:\/\/www.mundoagropecuario.cl\/new\/agricultores-magallanicos-por-fin-tienen-un-centro-hortofruticola-permanente-en-punta-arenas\/#breadcrumb\"},\"inLanguage\":\"es\",\"potentialAction\":[{\"@type\":\"ReadAction\",\"target\":[\"https:\/\/www.mundoagropecuario.cl\/new\/agricultores-magallanicos-por-fin-tienen-un-centro-hortofruticola-permanente-en-punta-arenas\/\"]}]},{\"@type\":\"ImageObject\",\"inLanguage\":\"es\",\"@id\":\"https:\/\/www.mundoagropecuario.cl\/new\/agricultores-magallanicos-por-fin-tienen-un-centro-hortofruticola-permanente-en-punta-arenas\/#primaryimage\",\"url\":\"https:\/\/www.mundoagropecuario.cl\/new\/wp-content\/uploads\/2018\/12\/centro-hortofrut\u00edcola-punta-arenas.jpg\",\"contentUrl\":\"https:\/\/www.mundoagropecuario.cl\/new\/wp-content\/uploads\/2018\/12\/centro-hortofrut\u00edcola-punta-arenas.jpg\",\"width\":695,\"height\":400},{\"@type\":\"BreadcrumbList\",\"@id\":\"https:\/\/www.mundoagropecuario.cl\/new\/agricultores-magallanicos-por-fin-tienen-un-centro-hortofruticola-permanente-en-punta-arenas\/#breadcrumb\",\"itemListElement\":[{\"@type\":\"ListItem\",\"position\":1,\"name\":\"Portada\",\"item\":\"https:\/\/www.mundoagropecuario.cl\/new\/\"},{\"@type\":\"ListItem\",\"position\":2,\"name\":\"Agricultores magall\u00e1nicos por fin tienen un centro hortofrut\u00edcola permanente en Punta Arenas\"}]},{\"@type\":\"WebSite\",\"@id\":\"https:\/\/www.mundoagropecuario.cl\/new\/#website\",\"url\":\"https:\/\/www.mundoagropecuario.cl\/new\/\",\"name\":\"Mundoagropecuario\",\"description\":\"Mundo Agropecuario\",\"publisher\":{\"@id\":\"https:\/\/www.mundoagropecuario.cl\/new\/#organization\"},\"potentialAction\":[{\"@type\":\"SearchAction\",\"target\":{\"@type\":\"EntryPoint\",\"urlTemplate\":\"https:\/\/www.mundoagropecuario.cl\/new\/?s={search_term_string}\"},\"query-input\":{\"@type\":\"PropertyValueSpecification\",\"valueRequired\":true,\"valueName\":\"search_term_string\"}}],\"inLanguage\":\"es\"},{\"@type\":\"Organization\",\"@id\":\"https:\/\/www.mundoagropecuario.cl\/new\/#organization\",\"name\":\"Revista de Agricultura\",\"url\":\"https:\/\/www.mundoagropecuario.cl\/new\/\",\"logo\":{\"@type\":\"ImageObject\",\"inLanguage\":\"es\",\"@id\":\"https:\/\/www.mundoagropecuario.cl\/new\/#\/schema\/logo\/image\/\",\"url\":\"https:\/\/www.mundoagropecuario.cl\/new\/wp-content\/uploads\/2020\/11\/PORTAL-1-1.png\",\"contentUrl\":\"https:\/\/www.mundoagropecuario.cl\/new\/wp-content\/uploads\/2020\/11\/PORTAL-1-1.png\",\"width\":1026,\"height\":100,\"caption\":\"Revista de Agricultura\"},\"image\":{\"@id\":\"https:\/\/www.mundoagropecuario.cl\/new\/#\/schema\/logo\/image\/\"},\"sameAs\":[\"https:\/\/www.facebook.com\/mundo.agropecuario.3\",\"https:\/\/x.com\/MundoAgropecuar\",\"https:\/\/www.linkedin.com\/in\/mundo-agropecuario-934009201\/\"]},{\"@type\":\"Person\",\"@id\":\"https:\/\/www.mundoagropecuario.cl\/new\/#\/schema\/person\/4e9f74a82a7dac260eb1c44b7eebeb18\",\"name\":\"mundo\",\"url\":\"https:\/\/www.mundoagropecuario.cl\/new\/author\/mundo\/\"}]}<\/script>\n<!-- \/ Yoast SEO plugin. -->","yoast_head_json":{"title":"Agricultores magall\u00e1nicos por fin tienen un centro hortofrut\u00edcola permanente en Punta Arenas - Mundoagropecuario","robots":{"index":"index","follow":"follow","max-snippet":"max-snippet:-1","max-image-preview":"max-image-preview:large","max-video-preview":"max-video-preview:-1"},"canonical":"https:\/\/www.mundoagropecuario.cl\/new\/agricultores-magallanicos-por-fin-tienen-un-centro-hortofruticola-permanente-en-punta-arenas\/","og_locale":"es_ES","og_type":"article","og_title":"Agricultores magall\u00e1nicos por fin tienen un centro hortofrut\u00edcola permanente en Punta Arenas - Mundoagropecuario","og_description":"Proyecto permiti\u00f3 convertir un galp\u00f3n de 240 metros cuadrados, ubicado en avenida Los Generales, Villa Las Nieves, en una sala de venta horfrut\u00edcola que cumple con toda la normativa sanitaria....","og_url":"https:\/\/www.mundoagropecuario.cl\/new\/agricultores-magallanicos-por-fin-tienen-un-centro-hortofruticola-permanente-en-punta-arenas\/","og_site_name":"Mundoagropecuario","article_publisher":"https:\/\/www.facebook.com\/mundo.agropecuario.3","article_published_time":"2018-12-27T05:54:35+00:00","og_image":[{"width":730,"height":420,"url":"https:\/\/www.mundoagropecuario.cl\/new\/wp-content\/uploads\/2018\/12\/centro-hortofrut\u00edcola-punta-arenas.jpg","type":"image\/jpeg"}],"author":"mundo","twitter_card":"summary_large_image","twitter_creator":"@MundoAgropecuar","twitter_site":"@MundoAgropecuar","twitter_misc":{"Escrito por":"mundo","Tiempo de lectura":"2 minutos"},"schema":{"@context":"https:\/\/schema.org","@graph":[{"@type":"Article","@id":"https:\/\/www.mundoagropecuario.cl\/new\/agricultores-magallanicos-por-fin-tienen-un-centro-hortofruticola-permanente-en-punta-arenas\/#article","isPartOf":{"@id":"https:\/\/www.mundoagropecuario.cl\/new\/agricultores-magallanicos-por-fin-tienen-un-centro-hortofruticola-permanente-en-punta-arenas\/"},"author":{"name":"mundo","@id":"https:\/\/www.mundoagropecuario.cl\/new\/#\/schema\/person\/4e9f74a82a7dac260eb1c44b7eebeb18"},"headline":"Agricultores magall\u00e1nicos por fin tienen un centro hortofrut\u00edcola permanente en Punta Arenas","datePublished":"2018-12-27T05:54:35+00:00","mainEntityOfPage":{"@id":"https:\/\/www.mundoagropecuario.cl\/new\/agricultores-magallanicos-por-fin-tienen-un-centro-hortofruticola-permanente-en-punta-arenas\/"},"wordCount":349,"publisher":{"@id":"https:\/\/www.mundoagropecuario.cl\/new\/#organization"},"image":{"@id":"https:\/\/www.mundoagropecuario.cl\/new\/agricultores-magallanicos-por-fin-tienen-un-centro-hortofruticola-permanente-en-punta-arenas\/#primaryimage"},"thumbnailUrl":"https:\/\/www.mundoagropecuario.cl\/new\/wp-content\/uploads\/2018\/12\/centro-hortofrut\u00edcola-punta-arenas.jpg","keywords":["hortofrut\u00edcolas","Indap","Magallanes","Punta Arenas"],"articleSection":["Titular 2"],"inLanguage":"es"},{"@type":"WebPage","@id":"https:\/\/www.mundoagropecuario.cl\/new\/agricultores-magallanicos-por-fin-tienen-un-centro-hortofruticola-permanente-en-punta-arenas\/","url":"https:\/\/www.mundoagropecuario.cl\/new\/agricultores-magallanicos-por-fin-tienen-un-centro-hortofruticola-permanente-en-punta-arenas\/","name":"Agricultores magall\u00e1nicos por fin tienen un centro hortofrut\u00edcola permanente en Punta Arenas - Mundoagropecuario","isPartOf":{"@id":"https:\/\/www.mundoagropecuario.cl\/new\/#website"},"primaryImageOfPage":{"@id":"https:\/\/www.mundoagropecuario.cl\/new\/agricultores-magallanicos-por-fin-tienen-un-centro-hortofruticola-permanente-en-punta-arenas\/#primaryimage"},"image":{"@id":"https:\/\/www.mundoagropecuario.cl\/new\/agricultores-magallanicos-por-fin-tienen-un-centro-hortofruticola-permanente-en-punta-arenas\/#primaryimage"},"thumbnailUrl":"https:\/\/www.mundoagropecuario.cl\/new\/wp-content\/uploads\/2018\/12\/centro-hortofrut\u00edcola-punta-arenas.jpg","datePublished":"2018-12-27T05:54:35+00:00","breadcrumb":{"@id":"https:\/\/www.mundoagropecuario.cl\/new\/agricultores-magallanicos-por-fin-tienen-un-centro-hortofruticola-permanente-en-punta-arenas\/#breadcrumb"},"inLanguage":"es","potentialAction":[{"@type":"ReadAction","target":["https:\/\/www.mundoagropecuario.cl\/new\/agricultores-magallanicos-por-fin-tienen-un-centro-hortofruticola-permanente-en-punta-arenas\/"]}]},{"@type":"ImageObject","inLanguage":"es","@id":"https:\/\/www.mundoagropecuario.cl\/new\/agricultores-magallanicos-por-fin-tienen-un-centro-hortofruticola-permanente-en-punta-arenas\/#primaryimage","url":"https:\/\/www.mundoagropecuario.cl\/new\/wp-content\/uploads\/2018\/12\/centro-hortofrut\u00edcola-punta-arenas.jpg","contentUrl":"https:\/\/www.mundoagropecuario.cl\/new\/wp-content\/uploads\/2018\/12\/centro-hortofrut\u00edcola-punta-arenas.jpg","width":695,"height":400},{"@type":"BreadcrumbList","@id":"https:\/\/www.mundoagropecuario.cl\/new\/agricultores-magallanicos-por-fin-tienen-un-centro-hortofruticola-permanente-en-punta-arenas\/#breadcrumb","itemListElement":[{"@type":"ListItem","position":1,"name":"Portada","item":"https:\/\/www.mundoagropecuario.cl\/new\/"},{"@type":"ListItem","position":2,"name":"Agricultores magall\u00e1nicos por fin tienen un centro hortofrut\u00edcola permanente en Punta Arenas"}]},{"@type":"WebSite","@id":"https:\/\/www.mundoagropecuario.cl\/new\/#website","url":"https:\/\/www.mundoagropecuario.cl\/new\/","name":"Mundoagropecuario","description":"Mundo Agropecuario","publisher":{"@id":"https:\/\/www.mundoagropecuario.cl\/new\/#organization"},"potentialAction":[{"@type":"SearchAction","target":{"@type":"EntryPoint","urlTemplate":"https:\/\/www.mundoagropecuario.cl\/new\/?s={search_term_string}"},"query-input":{"@type":"PropertyValueSpecification","valueRequired":true,"valueName":"search_term_string"}}],"inLanguage":"es"},{"@type":"Organization","@id":"https:\/\/www.mundoagropecuario.cl\/new\/#organization","name":"Revista de Agricultura","url":"https:\/\/www.mundoagropecuario.cl\/new\/","logo":{"@type":"ImageObject","inLanguage":"es","@id":"https:\/\/www.mundoagropecuario.cl\/new\/#\/schema\/logo\/image\/","url":"https:\/\/www.mundoagropecuario.cl\/new\/wp-content\/uploads\/2020\/11\/PORTAL-1-1.png","contentUrl":"https:\/\/www.mundoagropecuario.cl\/new\/wp-content\/uploads\/2020\/11\/PORTAL-1-1.png","width":1026,"height":100,"caption":"Revista de Agricultura"},"image":{"@id":"https:\/\/www.mundoagropecuario.cl\/new\/#\/schema\/logo\/image\/"},"sameAs":["https:\/\/www.facebook.com\/mundo.agropecuario.3","https:\/\/x.com\/MundoAgropecuar","https:\/\/www.linkedin.com\/in\/mundo-agropecuario-934009201\/"]},{"@type":"Person","@id":"https:\/\/www.mundoagropecuario.cl\/new\/#\/schema\/person\/4e9f74a82a7dac260eb1c44b7eebeb18","name":"mundo","url":"https:\/\/www.mundoagropecuario.cl\/new\/author\/mundo\/"}]}},"_links":{"self":[{"href":"https:\/\/www.mundoagropecuario.cl\/new\/wp-json\/wp\/v2\/posts\/10107","targetHints":{"allow":["GET"]}}],"collection":[{"href":"https:\/\/www.mundoagropecuario.cl\/new\/wp-json\/wp\/v2\/posts"}],"about":[{"href":"https:\/\/www.mundoagropecuario.cl\/new\/wp-json\/wp\/v2\/types\/post"}],"author":[{"embeddable":true,"href":"https:\/\/www.mundoagropecuario.cl\/new\/wp-json\/wp\/v2\/users\/2"}],"replies":[{"embeddable":true,"href":"https:\/\/www.mundoagropecuario.cl\/new\/wp-json\/wp\/v2\/comments?post=10107"}],"version-history":[{"count":1,"href":"https:\/\/www.mundoagropecuario.cl\/new\/wp-json\/wp\/v2\/posts\/10107\/revisions"}],"predecessor-version":[{"id":10109,"href":"https:\/\/www.mundoagropecuario.cl\/new\/wp-json\/wp\/v2\/posts\/10107\/revisions\/10109"}],"wp:featuredmedia":[{"embeddable":true,"href":"https:\/\/www.mundoagropecuario.cl\/new\/wp-json\/wp\/v2\/media\/10108"}],"wp:attachment":[{"href":"https:\/\/www.mundoagropecuario.cl\/new\/wp-json\/wp\/v2\/media?parent=10107"}],"wp:term":[{"taxonomy":"category","embeddable":true,"href":"https:\/\/www.mundoagropecuario.cl\/new\/wp-json\/wp\/v2\/categories?post=10107"},{"taxonomy":"post_tag","embeddable":true,"href":"https:\/\/www.mundoagropecuario.cl\/new\/wp-json\/wp\/v2\/tags?post=10107"}],"curies":[{"name":"wp","href":"https:\/\/api.w.org\/{rel}","templated":true}]}}