{"id":10039,"date":"2018-12-20T09:16:05","date_gmt":"2018-12-20T12:16:05","guid":{"rendered":"http:\/\/www.mundoagropecuario.cl\/new\/?p=10039"},"modified":"2018-12-26T09:57:49","modified_gmt":"2018-12-26T12:57:49","slug":"los-bosques-del-futuro-estaran-formados-por-arboles-mas-pequenos","status":"publish","type":"post","link":"https:\/\/www.mundoagropecuario.cl\/new\/los-bosques-del-futuro-estaran-formados-por-arboles-mas-pequenos\/","title":{"rendered":"Los bosques del futuro estar\u00e1n formados por \u00e1rboles m\u00e1s peque\u00f1os"},"content":{"rendered":"<blockquote><p><em>Aunque las causas precisas de c\u00f3mo se alcanza la altura m\u00e1xima en los \u00e1rboles est\u00e1n a\u00fan en constante debate, las investigaciones realizadas hasta ahora indican que la combinaci\u00f3n entre la econom\u00eda del carbono y los factores hidr\u00e1ulicos aparece como la causa m\u00e1s factible de influir en la altura m\u00e1xima de los \u00e1rboles (CIEP.cl).<\/em><\/p><\/blockquote>\n<p>El calentamiento global amenaza a varias especies arb\u00f3reas, particularmente a trav\u00e9s de los efectos negativos de la sequ\u00eda, que en las \u00faltimas d\u00e9cadas aparecen con mayor frecuencia e intensidad. La buena noticia es que se han reconocido mecanismos mediante los cuales las especies arb\u00f3reas ser\u00edan capaces de reaccionar a los cambios, e incluso se advierte que algunos \u00e1rboles pueden tener estrategias que los capacitan para hacer frente a la desecaci\u00f3n.<\/p>\n<p>La altura de los \u00e1rboles es una caracter\u00edstica esencial que influye directamente en su distribuci\u00f3n, y a pesar de que las especies de gran altura son las m\u00e1s estudiadas, la mayor\u00eda de las especies a nivel mundial son, en efecto, de baja altura. En este art\u00edculo, \u201cCuando la baja estatura es una ventaja para los \u00e1rboles\u201d (\u201cWhen short stature is an asset in trees\u201d), se desv\u00eda la atenci\u00f3n dirigida a la investigaci\u00f3n de los grandes \u00e1rboles para centrarse en los m\u00e1s peque\u00f1os.<\/p>\n<p>En este proyecto\u2013financiado por el Fondo Nacional de Desarrollo Cient\u00edfico y Tecnol\u00f3gico Chileno (FONDECYT 1160329)\u2013han colaborado el Dr. Alex Fajardo, investigador y coordinador de la l\u00ednea de ecosistemas terrestres del CIEP, el Dr. Eliot J.B McIntire, del Servicio de Forestal de Canad\u00e1, y el Dr. Mark E. Olson, del Instituto de Biolog\u00eda de la Universidad Nacional Aut\u00f3noma de M\u00e9xico.<\/p>\n<p>Seg\u00fan afirman los autores, a pesar de que las causas precisas de c\u00f3mo se alcanza la altura m\u00e1xima en los \u00e1rboles est\u00e1n a\u00fan en constante debate, las investigaciones realizadas hasta ahora indican que la combinaci\u00f3n entre la econom\u00eda del carbono y los factores hidr\u00e1ulicos aparece como la causa m\u00e1s factible de influir en la altura m\u00e1xima de los \u00e1rboles.<\/p>\n<p>Los autores sugieren que los \u00e1rboles de baja altura est\u00e1n mejor equipados para hacer frente a los efectos negativos del cambio clim\u00e1tico debido a dos factores clave que caracterizan a estos \u00e1rboles: su mayor capacidad de adaptaci\u00f3n y una mayor resistencia a la cavitaci\u00f3n inducida por la sequ\u00eda. El primer factor est\u00e1 relacionado con el umbral m\u00ednimo de reproducci\u00f3n\u2013menor en los \u00e1rboles de baja altura que las especies altas; dicho de otra forma, los \u00e1rboles de baja altura son m\u00e1s precoces y esto significa que tienen m\u00e1s generaciones, para un periodo de tiempo dado, que las especies de gran altura lo que redunda en una mayor probabilidad de mutaciones y de oportunidades de selecci\u00f3n natural.<\/p>\n<p>El segundo factor se relaciona con el tama\u00f1o de los conductos que transportan el agua de las ra\u00edces a las hojas (vasos en las angiospermas y traqueidas en las con\u00edferas), que son m\u00e1s estrechos en las especies arb\u00f3reas de baja altura, lo que las hace menos vulnerables a la embolia que es la acumulaci\u00f3n de burbujas de aire en los conductos y que lleva al bloqueo en el transporte de agua.<\/p>\n<p>Las ventajas comparativas de las especies arb\u00f3reas de baja altura se pueden ver tambi\u00e9n en la relaci\u00f3n negativa entre altura m\u00e1xima de las plantas y la amplitud del nicho ecol\u00f3gico (diversidad de condiciones ambientales donde una especie puede crecer y reproducirse) de \u00e9stas.\u00a0 Por ejemplo, en la Regi\u00f3n de Ays\u00e9n, dos especies arb\u00f3reas de baja altura, como lo son el notro (Embothrium coccineum) y el \u00f1irre (Nothofagus antarctica) pueden encontrarse en sitios h\u00famedos e incluso anegados y tambi\u00e9n en sitios secos, cercanos a la frontera con Argentina.<\/p>\n<p>En conclusi\u00f3n, en el art\u00edculo se exponen argumentos que llevan a esperar que los bosques del futuro ser\u00e1n de especies arb\u00f3reas de baja altura.<\/p>\n","protected":false},"excerpt":{"rendered":"<p>Aunque las causas precisas de c\u00f3mo se alcanza la altura m\u00e1xima en los \u00e1rboles est\u00e1n a\u00fan en constante debate, las investigaciones realizadas hasta ahora indican que la combinaci\u00f3n entre la&#8230;<\/p>\n","protected":false},"author":3,"featured_media":10040,"comment_status":"closed","ping_status":"closed","sticky":false,"template":"","format":"standard","meta":{"footnotes":""},"categories":[1949],"tags":[2640,2088,3073,3074],"class_list":["post-10039","post","type-post","status-publish","format-standard","has-post-thumbnail","hentry","category-forestal","tag-arboles","tag-aysen","tag-nirre","tag-notro"],"yoast_head":"<!-- This site is optimized with the Yoast SEO plugin v26.6 - https:\/\/yoast.com\/wordpress\/plugins\/seo\/ -->\n<title>Los bosques del futuro estar\u00e1n formados por \u00e1rboles m\u00e1s peque\u00f1os - Mundoagropecuario<\/title>\n<meta name=\"robots\" content=\"index, follow, max-snippet:-1, max-image-preview:large, max-video-preview:-1\" \/>\n<link rel=\"canonical\" href=\"https:\/\/www.mundoagropecuario.cl\/new\/los-bosques-del-futuro-estaran-formados-por-arboles-mas-pequenos\/\" \/>\n<meta property=\"og:locale\" content=\"es_ES\" \/>\n<meta property=\"og:type\" content=\"article\" \/>\n<meta property=\"og:title\" content=\"Los bosques del futuro estar\u00e1n formados por \u00e1rboles m\u00e1s peque\u00f1os - Mundoagropecuario\" \/>\n<meta property=\"og:description\" content=\"Aunque las causas precisas de c\u00f3mo se alcanza la altura m\u00e1xima en los \u00e1rboles est\u00e1n a\u00fan en constante debate, las investigaciones realizadas hasta ahora indican que la combinaci\u00f3n entre la...\" \/>\n<meta property=\"og:url\" content=\"https:\/\/www.mundoagropecuario.cl\/new\/los-bosques-del-futuro-estaran-formados-por-arboles-mas-pequenos\/\" \/>\n<meta property=\"og:site_name\" content=\"Mundoagropecuario\" \/>\n<meta property=\"article:publisher\" content=\"https:\/\/www.facebook.com\/mundo.agropecuario.3\" \/>\n<meta property=\"article:published_time\" content=\"2018-12-20T12:16:05+00:00\" \/>\n<meta property=\"article:modified_time\" content=\"2018-12-26T12:57:49+00:00\" \/>\n<meta property=\"og:image\" content=\"https:\/\/www.mundoagropecuario.cl\/new\/wp-content\/uploads\/2018\/12\/arbol-nhirre.jpg\" \/>\n\t<meta property=\"og:image:width\" content=\"800\" \/>\n\t<meta property=\"og:image:height\" content=\"600\" \/>\n\t<meta property=\"og:image:type\" content=\"image\/jpeg\" \/>\n<meta name=\"author\" content=\"periodista\" \/>\n<meta name=\"twitter:card\" content=\"summary_large_image\" \/>\n<meta name=\"twitter:creator\" content=\"@MundoAgropecuar\" \/>\n<meta name=\"twitter:site\" content=\"@MundoAgropecuar\" \/>\n<meta name=\"twitter:label1\" content=\"Escrito por\" \/>\n\t<meta name=\"twitter:data1\" content=\"periodista\" \/>\n\t<meta name=\"twitter:label2\" content=\"Tiempo de lectura\" \/>\n\t<meta name=\"twitter:data2\" content=\"3 minutos\" \/>\n<script type=\"application\/ld+json\" class=\"yoast-schema-graph\">{\"@context\":\"https:\/\/schema.org\",\"@graph\":[{\"@type\":\"Article\",\"@id\":\"https:\/\/www.mundoagropecuario.cl\/new\/los-bosques-del-futuro-estaran-formados-por-arboles-mas-pequenos\/#article\",\"isPartOf\":{\"@id\":\"https:\/\/www.mundoagropecuario.cl\/new\/los-bosques-del-futuro-estaran-formados-por-arboles-mas-pequenos\/\"},\"author\":{\"name\":\"periodista\",\"@id\":\"https:\/\/www.mundoagropecuario.cl\/new\/#\/schema\/person\/0c221050801c74e45256a7a9a1ff0803\"},\"headline\":\"Los bosques del futuro estar\u00e1n formados por \u00e1rboles m\u00e1s peque\u00f1os\",\"datePublished\":\"2018-12-20T12:16:05+00:00\",\"dateModified\":\"2018-12-26T12:57:49+00:00\",\"mainEntityOfPage\":{\"@id\":\"https:\/\/www.mundoagropecuario.cl\/new\/los-bosques-del-futuro-estaran-formados-por-arboles-mas-pequenos\/\"},\"wordCount\":709,\"publisher\":{\"@id\":\"https:\/\/www.mundoagropecuario.cl\/new\/#organization\"},\"image\":{\"@id\":\"https:\/\/www.mundoagropecuario.cl\/new\/los-bosques-del-futuro-estaran-formados-por-arboles-mas-pequenos\/#primaryimage\"},\"thumbnailUrl\":\"https:\/\/www.mundoagropecuario.cl\/new\/wp-content\/uploads\/2018\/12\/arbol-nhirre.jpg\",\"keywords\":[\"\u00e1rboles\",\"Ays\u00e9n\",\"\u00f1irre\",\"notro\"],\"articleSection\":[\"Forestal\"],\"inLanguage\":\"es\"},{\"@type\":\"WebPage\",\"@id\":\"https:\/\/www.mundoagropecuario.cl\/new\/los-bosques-del-futuro-estaran-formados-por-arboles-mas-pequenos\/\",\"url\":\"https:\/\/www.mundoagropecuario.cl\/new\/los-bosques-del-futuro-estaran-formados-por-arboles-mas-pequenos\/\",\"name\":\"Los bosques del futuro estar\u00e1n formados por \u00e1rboles m\u00e1s peque\u00f1os - Mundoagropecuario\",\"isPartOf\":{\"@id\":\"https:\/\/www.mundoagropecuario.cl\/new\/#website\"},\"primaryImageOfPage\":{\"@id\":\"https:\/\/www.mundoagropecuario.cl\/new\/los-bosques-del-futuro-estaran-formados-por-arboles-mas-pequenos\/#primaryimage\"},\"image\":{\"@id\":\"https:\/\/www.mundoagropecuario.cl\/new\/los-bosques-del-futuro-estaran-formados-por-arboles-mas-pequenos\/#primaryimage\"},\"thumbnailUrl\":\"https:\/\/www.mundoagropecuario.cl\/new\/wp-content\/uploads\/2018\/12\/arbol-nhirre.jpg\",\"datePublished\":\"2018-12-20T12:16:05+00:00\",\"dateModified\":\"2018-12-26T12:57:49+00:00\",\"breadcrumb\":{\"@id\":\"https:\/\/www.mundoagropecuario.cl\/new\/los-bosques-del-futuro-estaran-formados-por-arboles-mas-pequenos\/#breadcrumb\"},\"inLanguage\":\"es\",\"potentialAction\":[{\"@type\":\"ReadAction\",\"target\":[\"https:\/\/www.mundoagropecuario.cl\/new\/los-bosques-del-futuro-estaran-formados-por-arboles-mas-pequenos\/\"]}]},{\"@type\":\"ImageObject\",\"inLanguage\":\"es\",\"@id\":\"https:\/\/www.mundoagropecuario.cl\/new\/los-bosques-del-futuro-estaran-formados-por-arboles-mas-pequenos\/#primaryimage\",\"url\":\"https:\/\/www.mundoagropecuario.cl\/new\/wp-content\/uploads\/2018\/12\/arbol-nhirre.jpg\",\"contentUrl\":\"https:\/\/www.mundoagropecuario.cl\/new\/wp-content\/uploads\/2018\/12\/arbol-nhirre.jpg\",\"width\":533,\"height\":400},{\"@type\":\"BreadcrumbList\",\"@id\":\"https:\/\/www.mundoagropecuario.cl\/new\/los-bosques-del-futuro-estaran-formados-por-arboles-mas-pequenos\/#breadcrumb\",\"itemListElement\":[{\"@type\":\"ListItem\",\"position\":1,\"name\":\"Portada\",\"item\":\"https:\/\/www.mundoagropecuario.cl\/new\/\"},{\"@type\":\"ListItem\",\"position\":2,\"name\":\"Los bosques del futuro estar\u00e1n formados por \u00e1rboles m\u00e1s peque\u00f1os\"}]},{\"@type\":\"WebSite\",\"@id\":\"https:\/\/www.mundoagropecuario.cl\/new\/#website\",\"url\":\"https:\/\/www.mundoagropecuario.cl\/new\/\",\"name\":\"Mundoagropecuario\",\"description\":\"Mundo Agropecuario\",\"publisher\":{\"@id\":\"https:\/\/www.mundoagropecuario.cl\/new\/#organization\"},\"potentialAction\":[{\"@type\":\"SearchAction\",\"target\":{\"@type\":\"EntryPoint\",\"urlTemplate\":\"https:\/\/www.mundoagropecuario.cl\/new\/?s={search_term_string}\"},\"query-input\":{\"@type\":\"PropertyValueSpecification\",\"valueRequired\":true,\"valueName\":\"search_term_string\"}}],\"inLanguage\":\"es\"},{\"@type\":\"Organization\",\"@id\":\"https:\/\/www.mundoagropecuario.cl\/new\/#organization\",\"name\":\"Revista de Agricultura\",\"url\":\"https:\/\/www.mundoagropecuario.cl\/new\/\",\"logo\":{\"@type\":\"ImageObject\",\"inLanguage\":\"es\",\"@id\":\"https:\/\/www.mundoagropecuario.cl\/new\/#\/schema\/logo\/image\/\",\"url\":\"https:\/\/www.mundoagropecuario.cl\/new\/wp-content\/uploads\/2020\/11\/PORTAL-1-1.png\",\"contentUrl\":\"https:\/\/www.mundoagropecuario.cl\/new\/wp-content\/uploads\/2020\/11\/PORTAL-1-1.png\",\"width\":1026,\"height\":100,\"caption\":\"Revista de Agricultura\"},\"image\":{\"@id\":\"https:\/\/www.mundoagropecuario.cl\/new\/#\/schema\/logo\/image\/\"},\"sameAs\":[\"https:\/\/www.facebook.com\/mundo.agropecuario.3\",\"https:\/\/x.com\/MundoAgropecuar\",\"https:\/\/www.linkedin.com\/in\/mundo-agropecuario-934009201\/\"]},{\"@type\":\"Person\",\"@id\":\"https:\/\/www.mundoagropecuario.cl\/new\/#\/schema\/person\/0c221050801c74e45256a7a9a1ff0803\",\"name\":\"periodista\",\"url\":\"https:\/\/www.mundoagropecuario.cl\/new\/author\/periodista\/\"}]}<\/script>\n<!-- \/ Yoast SEO plugin. -->","yoast_head_json":{"title":"Los bosques del futuro estar\u00e1n formados por \u00e1rboles m\u00e1s peque\u00f1os - Mundoagropecuario","robots":{"index":"index","follow":"follow","max-snippet":"max-snippet:-1","max-image-preview":"max-image-preview:large","max-video-preview":"max-video-preview:-1"},"canonical":"https:\/\/www.mundoagropecuario.cl\/new\/los-bosques-del-futuro-estaran-formados-por-arboles-mas-pequenos\/","og_locale":"es_ES","og_type":"article","og_title":"Los bosques del futuro estar\u00e1n formados por \u00e1rboles m\u00e1s peque\u00f1os - Mundoagropecuario","og_description":"Aunque las causas precisas de c\u00f3mo se alcanza la altura m\u00e1xima en los \u00e1rboles est\u00e1n a\u00fan en constante debate, las investigaciones realizadas hasta ahora indican que la combinaci\u00f3n entre la...","og_url":"https:\/\/www.mundoagropecuario.cl\/new\/los-bosques-del-futuro-estaran-formados-por-arboles-mas-pequenos\/","og_site_name":"Mundoagropecuario","article_publisher":"https:\/\/www.facebook.com\/mundo.agropecuario.3","article_published_time":"2018-12-20T12:16:05+00:00","article_modified_time":"2018-12-26T12:57:49+00:00","og_image":[{"width":800,"height":600,"url":"https:\/\/www.mundoagropecuario.cl\/new\/wp-content\/uploads\/2018\/12\/arbol-nhirre.jpg","type":"image\/jpeg"}],"author":"periodista","twitter_card":"summary_large_image","twitter_creator":"@MundoAgropecuar","twitter_site":"@MundoAgropecuar","twitter_misc":{"Escrito por":"periodista","Tiempo de lectura":"3 minutos"},"schema":{"@context":"https:\/\/schema.org","@graph":[{"@type":"Article","@id":"https:\/\/www.mundoagropecuario.cl\/new\/los-bosques-del-futuro-estaran-formados-por-arboles-mas-pequenos\/#article","isPartOf":{"@id":"https:\/\/www.mundoagropecuario.cl\/new\/los-bosques-del-futuro-estaran-formados-por-arboles-mas-pequenos\/"},"author":{"name":"periodista","@id":"https:\/\/www.mundoagropecuario.cl\/new\/#\/schema\/person\/0c221050801c74e45256a7a9a1ff0803"},"headline":"Los bosques del futuro estar\u00e1n formados por \u00e1rboles m\u00e1s peque\u00f1os","datePublished":"2018-12-20T12:16:05+00:00","dateModified":"2018-12-26T12:57:49+00:00","mainEntityOfPage":{"@id":"https:\/\/www.mundoagropecuario.cl\/new\/los-bosques-del-futuro-estaran-formados-por-arboles-mas-pequenos\/"},"wordCount":709,"publisher":{"@id":"https:\/\/www.mundoagropecuario.cl\/new\/#organization"},"image":{"@id":"https:\/\/www.mundoagropecuario.cl\/new\/los-bosques-del-futuro-estaran-formados-por-arboles-mas-pequenos\/#primaryimage"},"thumbnailUrl":"https:\/\/www.mundoagropecuario.cl\/new\/wp-content\/uploads\/2018\/12\/arbol-nhirre.jpg","keywords":["\u00e1rboles","Ays\u00e9n","\u00f1irre","notro"],"articleSection":["Forestal"],"inLanguage":"es"},{"@type":"WebPage","@id":"https:\/\/www.mundoagropecuario.cl\/new\/los-bosques-del-futuro-estaran-formados-por-arboles-mas-pequenos\/","url":"https:\/\/www.mundoagropecuario.cl\/new\/los-bosques-del-futuro-estaran-formados-por-arboles-mas-pequenos\/","name":"Los bosques del futuro estar\u00e1n formados por \u00e1rboles m\u00e1s peque\u00f1os - Mundoagropecuario","isPartOf":{"@id":"https:\/\/www.mundoagropecuario.cl\/new\/#website"},"primaryImageOfPage":{"@id":"https:\/\/www.mundoagropecuario.cl\/new\/los-bosques-del-futuro-estaran-formados-por-arboles-mas-pequenos\/#primaryimage"},"image":{"@id":"https:\/\/www.mundoagropecuario.cl\/new\/los-bosques-del-futuro-estaran-formados-por-arboles-mas-pequenos\/#primaryimage"},"thumbnailUrl":"https:\/\/www.mundoagropecuario.cl\/new\/wp-content\/uploads\/2018\/12\/arbol-nhirre.jpg","datePublished":"2018-12-20T12:16:05+00:00","dateModified":"2018-12-26T12:57:49+00:00","breadcrumb":{"@id":"https:\/\/www.mundoagropecuario.cl\/new\/los-bosques-del-futuro-estaran-formados-por-arboles-mas-pequenos\/#breadcrumb"},"inLanguage":"es","potentialAction":[{"@type":"ReadAction","target":["https:\/\/www.mundoagropecuario.cl\/new\/los-bosques-del-futuro-estaran-formados-por-arboles-mas-pequenos\/"]}]},{"@type":"ImageObject","inLanguage":"es","@id":"https:\/\/www.mundoagropecuario.cl\/new\/los-bosques-del-futuro-estaran-formados-por-arboles-mas-pequenos\/#primaryimage","url":"https:\/\/www.mundoagropecuario.cl\/new\/wp-content\/uploads\/2018\/12\/arbol-nhirre.jpg","contentUrl":"https:\/\/www.mundoagropecuario.cl\/new\/wp-content\/uploads\/2018\/12\/arbol-nhirre.jpg","width":533,"height":400},{"@type":"BreadcrumbList","@id":"https:\/\/www.mundoagropecuario.cl\/new\/los-bosques-del-futuro-estaran-formados-por-arboles-mas-pequenos\/#breadcrumb","itemListElement":[{"@type":"ListItem","position":1,"name":"Portada","item":"https:\/\/www.mundoagropecuario.cl\/new\/"},{"@type":"ListItem","position":2,"name":"Los bosques del futuro estar\u00e1n formados por \u00e1rboles m\u00e1s peque\u00f1os"}]},{"@type":"WebSite","@id":"https:\/\/www.mundoagropecuario.cl\/new\/#website","url":"https:\/\/www.mundoagropecuario.cl\/new\/","name":"Mundoagropecuario","description":"Mundo Agropecuario","publisher":{"@id":"https:\/\/www.mundoagropecuario.cl\/new\/#organization"},"potentialAction":[{"@type":"SearchAction","target":{"@type":"EntryPoint","urlTemplate":"https:\/\/www.mundoagropecuario.cl\/new\/?s={search_term_string}"},"query-input":{"@type":"PropertyValueSpecification","valueRequired":true,"valueName":"search_term_string"}}],"inLanguage":"es"},{"@type":"Organization","@id":"https:\/\/www.mundoagropecuario.cl\/new\/#organization","name":"Revista de Agricultura","url":"https:\/\/www.mundoagropecuario.cl\/new\/","logo":{"@type":"ImageObject","inLanguage":"es","@id":"https:\/\/www.mundoagropecuario.cl\/new\/#\/schema\/logo\/image\/","url":"https:\/\/www.mundoagropecuario.cl\/new\/wp-content\/uploads\/2020\/11\/PORTAL-1-1.png","contentUrl":"https:\/\/www.mundoagropecuario.cl\/new\/wp-content\/uploads\/2020\/11\/PORTAL-1-1.png","width":1026,"height":100,"caption":"Revista de Agricultura"},"image":{"@id":"https:\/\/www.mundoagropecuario.cl\/new\/#\/schema\/logo\/image\/"},"sameAs":["https:\/\/www.facebook.com\/mundo.agropecuario.3","https:\/\/x.com\/MundoAgropecuar","https:\/\/www.linkedin.com\/in\/mundo-agropecuario-934009201\/"]},{"@type":"Person","@id":"https:\/\/www.mundoagropecuario.cl\/new\/#\/schema\/person\/0c221050801c74e45256a7a9a1ff0803","name":"periodista","url":"https:\/\/www.mundoagropecuario.cl\/new\/author\/periodista\/"}]}},"_links":{"self":[{"href":"https:\/\/www.mundoagropecuario.cl\/new\/wp-json\/wp\/v2\/posts\/10039","targetHints":{"allow":["GET"]}}],"collection":[{"href":"https:\/\/www.mundoagropecuario.cl\/new\/wp-json\/wp\/v2\/posts"}],"about":[{"href":"https:\/\/www.mundoagropecuario.cl\/new\/wp-json\/wp\/v2\/types\/post"}],"author":[{"embeddable":true,"href":"https:\/\/www.mundoagropecuario.cl\/new\/wp-json\/wp\/v2\/users\/3"}],"replies":[{"embeddable":true,"href":"https:\/\/www.mundoagropecuario.cl\/new\/wp-json\/wp\/v2\/comments?post=10039"}],"version-history":[{"count":1,"href":"https:\/\/www.mundoagropecuario.cl\/new\/wp-json\/wp\/v2\/posts\/10039\/revisions"}],"predecessor-version":[{"id":10041,"href":"https:\/\/www.mundoagropecuario.cl\/new\/wp-json\/wp\/v2\/posts\/10039\/revisions\/10041"}],"wp:featuredmedia":[{"embeddable":true,"href":"https:\/\/www.mundoagropecuario.cl\/new\/wp-json\/wp\/v2\/media\/10040"}],"wp:attachment":[{"href":"https:\/\/www.mundoagropecuario.cl\/new\/wp-json\/wp\/v2\/media?parent=10039"}],"wp:term":[{"taxonomy":"category","embeddable":true,"href":"https:\/\/www.mundoagropecuario.cl\/new\/wp-json\/wp\/v2\/categories?post=10039"},{"taxonomy":"post_tag","embeddable":true,"href":"https:\/\/www.mundoagropecuario.cl\/new\/wp-json\/wp\/v2\/tags?post=10039"}],"curies":[{"name":"wp","href":"https:\/\/api.w.org\/{rel}","templated":true}]}}