{"id":10008,"date":"2018-12-18T02:15:09","date_gmt":"2018-12-18T05:15:09","guid":{"rendered":"http:\/\/www.mundoagropecuario.cl\/new\/?p=10008"},"modified":"2018-12-26T10:00:42","modified_gmt":"2018-12-26T13:00:42","slug":"agricultores-de-chillan-reciben-recursos-para-sus-proyectos","status":"publish","type":"post","link":"https:\/\/www.mundoagropecuario.cl\/new\/agricultores-de-chillan-reciben-recursos-para-sus-proyectos\/","title":{"rendered":"Agricultores de Chill\u00e1n reciben recursos para sus proyectos"},"content":{"rendered":"<blockquote><p><em>Se destinaron m\u00e1s de $16 millones para el desarrollo de proyectos de equipamiento de fumigaci\u00f3n, desbrozadoras, trituradoras de grano motorizado, rotovator, motocultivador, azufradora, cerco el\u00e9ctrico, entre otros (La Discusi\u00f3n).<\/em><\/p><\/blockquote>\n<p>Un total de 74 usuarios del Programa Prodesal de Chill\u00e1n fueron beneficiados a trav\u00e9s de los aportes por $23.513.731 derivados de los instrumentos de fortalecimiento productivo e inversi\u00f3n inicial de Indap.<\/p>\n<p>En el primer caso se trata de 15 usuarios del segmento emprendimiento para inversiones en coherencia con el plan de Mediano Plazo Proyectado para cada miembro de grupo de inter\u00e9s, en rubros tales como ma\u00edz, trigo, vi\u00f1as, cerezos, frambuesas, hortalizas, ovinos, bovinos, apicultura y alimentos procesados.<\/p>\n<p>Para ello se destinaron m\u00e1s de $16 millones para el desarrollo de proyectos de equipamiento de fumigaci\u00f3n, desbrozadoras, trituradoras de grano motorizado, rotovator, motocultivador, azufradora, cerco el\u00e9ctrico, entre otros.<\/p>\n<p>Por su parte, con el Instrumento de Inversi\u00f3n Inicial (FAI) se entreg\u00f3 apoyo econ\u00f3mico a 59 usuarios destinados a inversiones en insumos agr\u00edcolas, materiales de construcci\u00f3n, sistemas de riego, infraestructura, entre otros.<\/p>\n<p>\u201cEste fondo estuvo dirigido al segmento de soberan\u00eda alimentaria de Prodesal tambi\u00e9n conocido como autoconsumo\u201d, precis\u00f3 la directora de Indap \u00d1uble, Tatiana Merino.<\/p>\n<p>Tanto el alcalde de Chill\u00e1n Sergio Zarzar como el diputado Frank Sauerbaum valoraron los aportes que entrega el Gobierno y que van en apoyo directo a la peque\u00f1a agricultora familiar campesina de la nueva regi\u00f3n.<\/p>\n<p>\u201cNuestra comuna tambi\u00e9n re\u00fane a una cantidad importante de peque\u00f1os agricultores y por eso agradecemos que estos fondos puedan ayudar a realizar sus proyectos\u201d, dijo la autoridad chillaneja.<\/p>\n<p>&nbsp;<\/p>\n<p>&nbsp;<\/p>\n<p>&nbsp;<\/p>\n<p>&nbsp;<\/p>\n","protected":false},"excerpt":{"rendered":"<p>Se destinaron m\u00e1s de $16 millones para el desarrollo de proyectos de equipamiento de fumigaci\u00f3n, desbrozadoras, trituradoras de grano motorizado, rotovator, motocultivador, azufradora, cerco el\u00e9ctrico, entre otros (La Discusi\u00f3n). Un&#8230;<\/p>\n","protected":false},"author":3,"featured_media":10009,"comment_status":"closed","ping_status":"closed","sticky":false,"template":"","format":"standard","meta":{"footnotes":""},"categories":[1945],"tags":[2074,1992,1151,2091],"class_list":["post-10008","post","type-post","status-publish","format-standard","has-post-thumbnail","hentry","category-agricultura","tag-chillan","tag-indap","tag-nuble","tag-prodesal"],"yoast_head":"<!-- This site is optimized with the Yoast SEO plugin v26.6 - https:\/\/yoast.com\/wordpress\/plugins\/seo\/ -->\n<title>Agricultores de Chill\u00e1n reciben recursos para sus proyectos - Mundoagropecuario<\/title>\n<meta name=\"robots\" content=\"index, follow, max-snippet:-1, max-image-preview:large, max-video-preview:-1\" \/>\n<link rel=\"canonical\" href=\"https:\/\/www.mundoagropecuario.cl\/new\/agricultores-de-chillan-reciben-recursos-para-sus-proyectos\/\" \/>\n<meta property=\"og:locale\" content=\"es_ES\" \/>\n<meta property=\"og:type\" content=\"article\" \/>\n<meta property=\"og:title\" content=\"Agricultores de Chill\u00e1n reciben recursos para sus proyectos - Mundoagropecuario\" \/>\n<meta property=\"og:description\" content=\"Se destinaron m\u00e1s de $16 millones para el desarrollo de proyectos de equipamiento de fumigaci\u00f3n, desbrozadoras, trituradoras de grano motorizado, rotovator, motocultivador, azufradora, cerco el\u00e9ctrico, entre otros (La Discusi\u00f3n). Un...\" \/>\n<meta property=\"og:url\" content=\"https:\/\/www.mundoagropecuario.cl\/new\/agricultores-de-chillan-reciben-recursos-para-sus-proyectos\/\" \/>\n<meta property=\"og:site_name\" content=\"Mundoagropecuario\" \/>\n<meta property=\"article:publisher\" content=\"https:\/\/www.facebook.com\/mundo.agropecuario.3\" \/>\n<meta property=\"article:published_time\" content=\"2018-12-18T05:15:09+00:00\" \/>\n<meta property=\"article:modified_time\" content=\"2018-12-26T13:00:42+00:00\" \/>\n<meta property=\"og:image\" content=\"https:\/\/www.mundoagropecuario.cl\/new\/wp-content\/uploads\/2018\/12\/agro-chillan.jpg\" \/>\n\t<meta property=\"og:image:width\" content=\"668\" \/>\n\t<meta property=\"og:image:height\" content=\"353\" \/>\n\t<meta property=\"og:image:type\" content=\"image\/jpeg\" \/>\n<meta name=\"author\" content=\"periodista\" \/>\n<meta name=\"twitter:card\" content=\"summary_large_image\" \/>\n<meta name=\"twitter:creator\" content=\"@MundoAgropecuar\" \/>\n<meta name=\"twitter:site\" content=\"@MundoAgropecuar\" \/>\n<meta name=\"twitter:label1\" content=\"Escrito por\" \/>\n\t<meta name=\"twitter:data1\" content=\"periodista\" \/>\n\t<meta name=\"twitter:label2\" content=\"Tiempo de lectura\" \/>\n\t<meta name=\"twitter:data2\" content=\"1 minuto\" \/>\n<script type=\"application\/ld+json\" class=\"yoast-schema-graph\">{\"@context\":\"https:\/\/schema.org\",\"@graph\":[{\"@type\":\"Article\",\"@id\":\"https:\/\/www.mundoagropecuario.cl\/new\/agricultores-de-chillan-reciben-recursos-para-sus-proyectos\/#article\",\"isPartOf\":{\"@id\":\"https:\/\/www.mundoagropecuario.cl\/new\/agricultores-de-chillan-reciben-recursos-para-sus-proyectos\/\"},\"author\":{\"name\":\"periodista\",\"@id\":\"https:\/\/www.mundoagropecuario.cl\/new\/#\/schema\/person\/0c221050801c74e45256a7a9a1ff0803\"},\"headline\":\"Agricultores de Chill\u00e1n reciben recursos para sus proyectos\",\"datePublished\":\"2018-12-18T05:15:09+00:00\",\"dateModified\":\"2018-12-26T13:00:42+00:00\",\"mainEntityOfPage\":{\"@id\":\"https:\/\/www.mundoagropecuario.cl\/new\/agricultores-de-chillan-reciben-recursos-para-sus-proyectos\/\"},\"wordCount\":285,\"publisher\":{\"@id\":\"https:\/\/www.mundoagropecuario.cl\/new\/#organization\"},\"image\":{\"@id\":\"https:\/\/www.mundoagropecuario.cl\/new\/agricultores-de-chillan-reciben-recursos-para-sus-proyectos\/#primaryimage\"},\"thumbnailUrl\":\"https:\/\/www.mundoagropecuario.cl\/new\/wp-content\/uploads\/2018\/12\/agro-chillan.jpg\",\"keywords\":[\"Chill\u00e1n\",\"Indap\",\"\u00d1uble\",\"Prodesal\"],\"articleSection\":[\"Agricultura\"],\"inLanguage\":\"es\"},{\"@type\":\"WebPage\",\"@id\":\"https:\/\/www.mundoagropecuario.cl\/new\/agricultores-de-chillan-reciben-recursos-para-sus-proyectos\/\",\"url\":\"https:\/\/www.mundoagropecuario.cl\/new\/agricultores-de-chillan-reciben-recursos-para-sus-proyectos\/\",\"name\":\"Agricultores de Chill\u00e1n reciben recursos para sus proyectos - Mundoagropecuario\",\"isPartOf\":{\"@id\":\"https:\/\/www.mundoagropecuario.cl\/new\/#website\"},\"primaryImageOfPage\":{\"@id\":\"https:\/\/www.mundoagropecuario.cl\/new\/agricultores-de-chillan-reciben-recursos-para-sus-proyectos\/#primaryimage\"},\"image\":{\"@id\":\"https:\/\/www.mundoagropecuario.cl\/new\/agricultores-de-chillan-reciben-recursos-para-sus-proyectos\/#primaryimage\"},\"thumbnailUrl\":\"https:\/\/www.mundoagropecuario.cl\/new\/wp-content\/uploads\/2018\/12\/agro-chillan.jpg\",\"datePublished\":\"2018-12-18T05:15:09+00:00\",\"dateModified\":\"2018-12-26T13:00:42+00:00\",\"breadcrumb\":{\"@id\":\"https:\/\/www.mundoagropecuario.cl\/new\/agricultores-de-chillan-reciben-recursos-para-sus-proyectos\/#breadcrumb\"},\"inLanguage\":\"es\",\"potentialAction\":[{\"@type\":\"ReadAction\",\"target\":[\"https:\/\/www.mundoagropecuario.cl\/new\/agricultores-de-chillan-reciben-recursos-para-sus-proyectos\/\"]}]},{\"@type\":\"ImageObject\",\"inLanguage\":\"es\",\"@id\":\"https:\/\/www.mundoagropecuario.cl\/new\/agricultores-de-chillan-reciben-recursos-para-sus-proyectos\/#primaryimage\",\"url\":\"https:\/\/www.mundoagropecuario.cl\/new\/wp-content\/uploads\/2018\/12\/agro-chillan.jpg\",\"contentUrl\":\"https:\/\/www.mundoagropecuario.cl\/new\/wp-content\/uploads\/2018\/12\/agro-chillan.jpg\",\"width\":668,\"height\":353},{\"@type\":\"BreadcrumbList\",\"@id\":\"https:\/\/www.mundoagropecuario.cl\/new\/agricultores-de-chillan-reciben-recursos-para-sus-proyectos\/#breadcrumb\",\"itemListElement\":[{\"@type\":\"ListItem\",\"position\":1,\"name\":\"Portada\",\"item\":\"https:\/\/www.mundoagropecuario.cl\/new\/\"},{\"@type\":\"ListItem\",\"position\":2,\"name\":\"Agricultores de Chill\u00e1n reciben recursos para sus proyectos\"}]},{\"@type\":\"WebSite\",\"@id\":\"https:\/\/www.mundoagropecuario.cl\/new\/#website\",\"url\":\"https:\/\/www.mundoagropecuario.cl\/new\/\",\"name\":\"Mundoagropecuario\",\"description\":\"Mundo Agropecuario\",\"publisher\":{\"@id\":\"https:\/\/www.mundoagropecuario.cl\/new\/#organization\"},\"potentialAction\":[{\"@type\":\"SearchAction\",\"target\":{\"@type\":\"EntryPoint\",\"urlTemplate\":\"https:\/\/www.mundoagropecuario.cl\/new\/?s={search_term_string}\"},\"query-input\":{\"@type\":\"PropertyValueSpecification\",\"valueRequired\":true,\"valueName\":\"search_term_string\"}}],\"inLanguage\":\"es\"},{\"@type\":\"Organization\",\"@id\":\"https:\/\/www.mundoagropecuario.cl\/new\/#organization\",\"name\":\"Revista de Agricultura\",\"url\":\"https:\/\/www.mundoagropecuario.cl\/new\/\",\"logo\":{\"@type\":\"ImageObject\",\"inLanguage\":\"es\",\"@id\":\"https:\/\/www.mundoagropecuario.cl\/new\/#\/schema\/logo\/image\/\",\"url\":\"https:\/\/www.mundoagropecuario.cl\/new\/wp-content\/uploads\/2020\/11\/PORTAL-1-1.png\",\"contentUrl\":\"https:\/\/www.mundoagropecuario.cl\/new\/wp-content\/uploads\/2020\/11\/PORTAL-1-1.png\",\"width\":1026,\"height\":100,\"caption\":\"Revista de Agricultura\"},\"image\":{\"@id\":\"https:\/\/www.mundoagropecuario.cl\/new\/#\/schema\/logo\/image\/\"},\"sameAs\":[\"https:\/\/www.facebook.com\/mundo.agropecuario.3\",\"https:\/\/x.com\/MundoAgropecuar\",\"https:\/\/www.linkedin.com\/in\/mundo-agropecuario-934009201\/\"]},{\"@type\":\"Person\",\"@id\":\"https:\/\/www.mundoagropecuario.cl\/new\/#\/schema\/person\/0c221050801c74e45256a7a9a1ff0803\",\"name\":\"periodista\",\"url\":\"https:\/\/www.mundoagropecuario.cl\/new\/author\/periodista\/\"}]}<\/script>\n<!-- \/ Yoast SEO plugin. -->","yoast_head_json":{"title":"Agricultores de Chill\u00e1n reciben recursos para sus proyectos - Mundoagropecuario","robots":{"index":"index","follow":"follow","max-snippet":"max-snippet:-1","max-image-preview":"max-image-preview:large","max-video-preview":"max-video-preview:-1"},"canonical":"https:\/\/www.mundoagropecuario.cl\/new\/agricultores-de-chillan-reciben-recursos-para-sus-proyectos\/","og_locale":"es_ES","og_type":"article","og_title":"Agricultores de Chill\u00e1n reciben recursos para sus proyectos - Mundoagropecuario","og_description":"Se destinaron m\u00e1s de $16 millones para el desarrollo de proyectos de equipamiento de fumigaci\u00f3n, desbrozadoras, trituradoras de grano motorizado, rotovator, motocultivador, azufradora, cerco el\u00e9ctrico, entre otros (La Discusi\u00f3n). Un...","og_url":"https:\/\/www.mundoagropecuario.cl\/new\/agricultores-de-chillan-reciben-recursos-para-sus-proyectos\/","og_site_name":"Mundoagropecuario","article_publisher":"https:\/\/www.facebook.com\/mundo.agropecuario.3","article_published_time":"2018-12-18T05:15:09+00:00","article_modified_time":"2018-12-26T13:00:42+00:00","og_image":[{"width":668,"height":353,"url":"https:\/\/www.mundoagropecuario.cl\/new\/wp-content\/uploads\/2018\/12\/agro-chillan.jpg","type":"image\/jpeg"}],"author":"periodista","twitter_card":"summary_large_image","twitter_creator":"@MundoAgropecuar","twitter_site":"@MundoAgropecuar","twitter_misc":{"Escrito por":"periodista","Tiempo de lectura":"1 minuto"},"schema":{"@context":"https:\/\/schema.org","@graph":[{"@type":"Article","@id":"https:\/\/www.mundoagropecuario.cl\/new\/agricultores-de-chillan-reciben-recursos-para-sus-proyectos\/#article","isPartOf":{"@id":"https:\/\/www.mundoagropecuario.cl\/new\/agricultores-de-chillan-reciben-recursos-para-sus-proyectos\/"},"author":{"name":"periodista","@id":"https:\/\/www.mundoagropecuario.cl\/new\/#\/schema\/person\/0c221050801c74e45256a7a9a1ff0803"},"headline":"Agricultores de Chill\u00e1n reciben recursos para sus proyectos","datePublished":"2018-12-18T05:15:09+00:00","dateModified":"2018-12-26T13:00:42+00:00","mainEntityOfPage":{"@id":"https:\/\/www.mundoagropecuario.cl\/new\/agricultores-de-chillan-reciben-recursos-para-sus-proyectos\/"},"wordCount":285,"publisher":{"@id":"https:\/\/www.mundoagropecuario.cl\/new\/#organization"},"image":{"@id":"https:\/\/www.mundoagropecuario.cl\/new\/agricultores-de-chillan-reciben-recursos-para-sus-proyectos\/#primaryimage"},"thumbnailUrl":"https:\/\/www.mundoagropecuario.cl\/new\/wp-content\/uploads\/2018\/12\/agro-chillan.jpg","keywords":["Chill\u00e1n","Indap","\u00d1uble","Prodesal"],"articleSection":["Agricultura"],"inLanguage":"es"},{"@type":"WebPage","@id":"https:\/\/www.mundoagropecuario.cl\/new\/agricultores-de-chillan-reciben-recursos-para-sus-proyectos\/","url":"https:\/\/www.mundoagropecuario.cl\/new\/agricultores-de-chillan-reciben-recursos-para-sus-proyectos\/","name":"Agricultores de Chill\u00e1n reciben recursos para sus proyectos - Mundoagropecuario","isPartOf":{"@id":"https:\/\/www.mundoagropecuario.cl\/new\/#website"},"primaryImageOfPage":{"@id":"https:\/\/www.mundoagropecuario.cl\/new\/agricultores-de-chillan-reciben-recursos-para-sus-proyectos\/#primaryimage"},"image":{"@id":"https:\/\/www.mundoagropecuario.cl\/new\/agricultores-de-chillan-reciben-recursos-para-sus-proyectos\/#primaryimage"},"thumbnailUrl":"https:\/\/www.mundoagropecuario.cl\/new\/wp-content\/uploads\/2018\/12\/agro-chillan.jpg","datePublished":"2018-12-18T05:15:09+00:00","dateModified":"2018-12-26T13:00:42+00:00","breadcrumb":{"@id":"https:\/\/www.mundoagropecuario.cl\/new\/agricultores-de-chillan-reciben-recursos-para-sus-proyectos\/#breadcrumb"},"inLanguage":"es","potentialAction":[{"@type":"ReadAction","target":["https:\/\/www.mundoagropecuario.cl\/new\/agricultores-de-chillan-reciben-recursos-para-sus-proyectos\/"]}]},{"@type":"ImageObject","inLanguage":"es","@id":"https:\/\/www.mundoagropecuario.cl\/new\/agricultores-de-chillan-reciben-recursos-para-sus-proyectos\/#primaryimage","url":"https:\/\/www.mundoagropecuario.cl\/new\/wp-content\/uploads\/2018\/12\/agro-chillan.jpg","contentUrl":"https:\/\/www.mundoagropecuario.cl\/new\/wp-content\/uploads\/2018\/12\/agro-chillan.jpg","width":668,"height":353},{"@type":"BreadcrumbList","@id":"https:\/\/www.mundoagropecuario.cl\/new\/agricultores-de-chillan-reciben-recursos-para-sus-proyectos\/#breadcrumb","itemListElement":[{"@type":"ListItem","position":1,"name":"Portada","item":"https:\/\/www.mundoagropecuario.cl\/new\/"},{"@type":"ListItem","position":2,"name":"Agricultores de Chill\u00e1n reciben recursos para sus proyectos"}]},{"@type":"WebSite","@id":"https:\/\/www.mundoagropecuario.cl\/new\/#website","url":"https:\/\/www.mundoagropecuario.cl\/new\/","name":"Mundoagropecuario","description":"Mundo Agropecuario","publisher":{"@id":"https:\/\/www.mundoagropecuario.cl\/new\/#organization"},"potentialAction":[{"@type":"SearchAction","target":{"@type":"EntryPoint","urlTemplate":"https:\/\/www.mundoagropecuario.cl\/new\/?s={search_term_string}"},"query-input":{"@type":"PropertyValueSpecification","valueRequired":true,"valueName":"search_term_string"}}],"inLanguage":"es"},{"@type":"Organization","@id":"https:\/\/www.mundoagropecuario.cl\/new\/#organization","name":"Revista de Agricultura","url":"https:\/\/www.mundoagropecuario.cl\/new\/","logo":{"@type":"ImageObject","inLanguage":"es","@id":"https:\/\/www.mundoagropecuario.cl\/new\/#\/schema\/logo\/image\/","url":"https:\/\/www.mundoagropecuario.cl\/new\/wp-content\/uploads\/2020\/11\/PORTAL-1-1.png","contentUrl":"https:\/\/www.mundoagropecuario.cl\/new\/wp-content\/uploads\/2020\/11\/PORTAL-1-1.png","width":1026,"height":100,"caption":"Revista de Agricultura"},"image":{"@id":"https:\/\/www.mundoagropecuario.cl\/new\/#\/schema\/logo\/image\/"},"sameAs":["https:\/\/www.facebook.com\/mundo.agropecuario.3","https:\/\/x.com\/MundoAgropecuar","https:\/\/www.linkedin.com\/in\/mundo-agropecuario-934009201\/"]},{"@type":"Person","@id":"https:\/\/www.mundoagropecuario.cl\/new\/#\/schema\/person\/0c221050801c74e45256a7a9a1ff0803","name":"periodista","url":"https:\/\/www.mundoagropecuario.cl\/new\/author\/periodista\/"}]}},"_links":{"self":[{"href":"https:\/\/www.mundoagropecuario.cl\/new\/wp-json\/wp\/v2\/posts\/10008","targetHints":{"allow":["GET"]}}],"collection":[{"href":"https:\/\/www.mundoagropecuario.cl\/new\/wp-json\/wp\/v2\/posts"}],"about":[{"href":"https:\/\/www.mundoagropecuario.cl\/new\/wp-json\/wp\/v2\/types\/post"}],"author":[{"embeddable":true,"href":"https:\/\/www.mundoagropecuario.cl\/new\/wp-json\/wp\/v2\/users\/3"}],"replies":[{"embeddable":true,"href":"https:\/\/www.mundoagropecuario.cl\/new\/wp-json\/wp\/v2\/comments?post=10008"}],"version-history":[{"count":1,"href":"https:\/\/www.mundoagropecuario.cl\/new\/wp-json\/wp\/v2\/posts\/10008\/revisions"}],"predecessor-version":[{"id":10010,"href":"https:\/\/www.mundoagropecuario.cl\/new\/wp-json\/wp\/v2\/posts\/10008\/revisions\/10010"}],"wp:featuredmedia":[{"embeddable":true,"href":"https:\/\/www.mundoagropecuario.cl\/new\/wp-json\/wp\/v2\/media\/10009"}],"wp:attachment":[{"href":"https:\/\/www.mundoagropecuario.cl\/new\/wp-json\/wp\/v2\/media?parent=10008"}],"wp:term":[{"taxonomy":"category","embeddable":true,"href":"https:\/\/www.mundoagropecuario.cl\/new\/wp-json\/wp\/v2\/categories?post=10008"},{"taxonomy":"post_tag","embeddable":true,"href":"https:\/\/www.mundoagropecuario.cl\/new\/wp-json\/wp\/v2\/tags?post=10008"}],"curies":[{"name":"wp","href":"https:\/\/api.w.org\/{rel}","templated":true}]}}